{"id":13186,"date":"2025-05-08T18:13:01","date_gmt":"2025-05-08T21:13:01","guid":{"rendered":"https:\/\/impactodenoticias.com.ar\/?p=13186"},"modified":"2025-05-09T12:10:05","modified_gmt":"2025-05-09T15:10:05","slug":"tras-la-derrota-con-ficha-limpia-esto-es-un-arreglo-entre-el-gobierno-y-el-kirchnerismo-expreso-de-angeli","status":"publish","type":"post","link":"https:\/\/impactodenoticias.com.ar\/?p=13186","title":{"rendered":"Tras la derrota con Ficha Limpia: \u201cEsto es un arreglo entre el gobierno y el kirchnerismo\u201d, expres\u00f3 De Angeli"},"content":{"rendered":"\n<h2 class=\"wp-block-heading\">El senador nacional entrerriano del PRO reconoci\u00f3 que el rechazo al proyecto que imped\u00eda a Cristina Kirchner ser candidata \u00abnos pone alertas ante un presunto pacto del oficialismo y el kirchnerismo\u00bb, apunt\u00f3 el entrerriano.<\/h2>\n\n\n\n<p>El senador nacional Alfredo De Angeli hizo referencia a la sesi\u00f3n en la que cay\u00f3 al proyecto de ley conocido como Ficha Limpia para impedir la postulaci\u00f3n de candidaturas nacionales a dirigentes con condenas penales ens egunda instancia. Denunci\u00f3 un arreglo entre el kirchnerismo y La Libertad Avanza.<\/p>\n\n\n\n<p>\u201cLo que pas\u00f3 anoche me dej\u00f3 un sabor amargo, pero no por nosotros, sino por el pa\u00eds. Ver al kirchnerismo festejar por la impunidad es lamentable. Volvimos 20 a\u00f1os para atr\u00e1s, volvimos a pensar en la pr\u00f3xima elecci\u00f3n y no en el pa\u00eds. Es lamentable\u201d, subray\u00f3 el legislador en declaraciones radiales.<\/p>\n\n\n\n<p>Y agreg\u00f3 que en torno a las acusaciones de que el oficialismo y el kirchnerismo ten\u00edan un pacto acordado para que no saliera Ficha Limpia: \u201cLo que pas\u00f3 anoche nos abre los ojos y nos hace poner alerta\u201d.<\/p>\n\n\n\n<p>\u00abEstaba todo arreglado ya\u00bb, dispar\u00f3. Los \u00fanico que comimos la inocencia fuimos nosotros y parte del radicalismo. Esto es un arreglo entre el gobierno y el kirchnerismo. Algo de eso tiene que haber pasado, a los 5 minutos ya hab\u00eda salido el comunicado de prensa del oficialismo sobre el resultado\u201d, concluy\u00f3.<\/p>\n","protected":false},"excerpt":{"rendered":"<p>El senador nacional entrerriano del PRO reconoci&oacute; que el rechazo al proyecto que imped&iacute;a a Cristina Kirchner ser candidata &laquo;nos pone alertas ante un presunto pacto del oficialismo y el kirchnerismo&raquo;, apunt&oacute; el entrerriano. El senador nacional Alfredo De Angeli hizo referencia a la sesi&oacute;n en la que cay&oacute; al proyecto de ley conocido como [&hellip;]<\/p>\n","protected":false},"author":2,"featured_media":13187,"comment_status":"open","ping_status":"open","sticky":false,"template":"","format":"standard","meta":{"footnotes":""},"categories":[10,11],"tags":[3022,5132,45,5133,644],"class_list":["post-13186","post","type-post","status-publish","format-standard","has-post-thumbnail","hentry","category-nacionales","category-politica","tag-alfredo-de-angeli","tag-arreglo","tag-ficha-limpia","tag-kirchnerismo","tag-libertad-avanza"],"_links":{"self":[{"href":"https:\/\/impactodenoticias.com.ar\/index.php?rest_route=\/wp\/v2\/posts\/13186","targetHints":{"allow":["GET"]}}],"collection":[{"href":"https:\/\/impactodenoticias.com.ar\/index.php?rest_route=\/wp\/v2\/posts"}],"about":[{"href":"https:\/\/impactodenoticias.com.ar\/index.php?rest_route=\/wp\/v2\/types\/post"}],"author":[{"embeddable":true,"href":"https:\/\/impactodenoticias.com.ar\/index.php?rest_route=\/wp\/v2\/users\/2"}],"replies":[{"embeddable":true,"href":"https:\/\/impactodenoticias.com.ar\/index.php?rest_route=%2Fwp%2Fv2%2Fcomments&post=13186"}],"version-history":[{"count":1,"href":"https:\/\/impactodenoticias.com.ar\/index.php?rest_route=\/wp\/v2\/posts\/13186\/revisions"}],"predecessor-version":[{"id":13188,"href":"https:\/\/impactodenoticias.com.ar\/index.php?rest_route=\/wp\/v2\/posts\/13186\/revisions\/13188"}],"wp:featuredmedia":[{"embeddable":true,"href":"https:\/\/impactodenoticias.com.ar\/index.php?rest_route=\/wp\/v2\/media\/13187"}],"wp:attachment":[{"href":"https:\/\/impactodenoticias.com.ar\/index.php?rest_route=%2Fwp%2Fv2%2Fmedia&parent=13186"}],"wp:term":[{"taxonomy":"category","embeddable":true,"href":"https:\/\/impactodenoticias.com.ar\/index.php?rest_route=%2Fwp%2Fv2%2Fcategories&post=13186"},{"taxonomy":"post_tag","embeddable":true,"href":"https:\/\/impactodenoticias.com.ar\/index.php?rest_route=%2Fwp%2Fv2%2Ftags&post=13186"}],"curies":[{"name":"wp","href":"https:\/\/api.w.org\/{rel}","templated":true}]}}