{"id":13198,"date":"2025-05-09T09:58:21","date_gmt":"2025-05-09T12:58:21","guid":{"rendered":"https:\/\/impactodenoticias.com.ar\/?p=13198"},"modified":"2025-05-10T12:59:04","modified_gmt":"2025-05-10T15:59:04","slug":"buscan-intensamente-a-una-adolescente-de-16-anos-que-desaparecio-en-colonia-avellaneda","status":"publish","type":"post","link":"https:\/\/impactodenoticias.com.ar\/?p=13198","title":{"rendered":"Buscan intensamente a una adolescente de 16 a\u00f1os que desapareci\u00f3 en Colonia Avellaneda"},"content":{"rendered":"\n<h2 class=\"wp-block-heading\">Las autoridades piden la colaboraci\u00f3n de la ciudadan\u00eda para localizar a Ashley Valentina Ailen Mart\u00ednez, de 16 a\u00f1os.<\/h2>\n\n\n\n<p>Desde la Unidad Fiscal de Ni\u00f1os, Ni\u00f1as y Adolescentes de Paran\u00e1 se pide la colaboraci\u00f3n de la poblaci\u00f3n con el fin de dar con el paradero de Ashley Valentina Ailen Martinez, de 16 a\u00f1os, quien este jueves en horas de la tarde, se habr\u00eda retirado de Colonia Avellaneda.<\/p>\n\n\n\n<p><\/p>\n\n\n\n<figure class=\"wp-block-image size-large\"><img loading=\"lazy\" decoding=\"async\" width=\"460\" height=\"1024\" src=\"https:\/\/impactodenoticias.com.ar\/wp-content\/uploads\/2025\/05\/Ashley-Valentina-Ailen-Martinez-460x1024.jpg\" alt=\"\" class=\"wp-image-13200\" srcset=\"https:\/\/impactodenoticias.com.ar\/wp-content\/uploads\/2025\/05\/Ashley-Valentina-Ailen-Martinez-460x1024.jpg 460w, https:\/\/impactodenoticias.com.ar\/wp-content\/uploads\/2025\/05\/Ashley-Valentina-Ailen-Martinez-135x300.jpg 135w, https:\/\/impactodenoticias.com.ar\/wp-content\/uploads\/2025\/05\/Ashley-Valentina-Ailen-Martinez.jpg 526w\" sizes=\"auto, (max-width: 460px) 100vw, 460px\" \/><\/figure>\n\n\n\n<p><\/p>\n\n\n\n<p>Mart\u00ednez tiene 1,67 mts de altura, es de contextura delgada, tez blanca, cabellos negros y largos, color de ojos oscuros, con un tatuaje en uno de sus brazos con el nombre \u201cBenjamin\u201d.<\/p>\n\n\n\n<p>Cualquier informaci\u00f3n sobre el paradero puede ser suministrada al 911, a la Divisi\u00f3n Minoridad 0343 420-9195, o Comisar\u00eda Colonia Avellandena N\u00ba 0343 497-9052.<\/p>\n","protected":false},"excerpt":{"rendered":"<p>Las autoridades piden la colaboraci&oacute;n de la ciudadan&iacute;a para localizar a Ashley Valentina Ailen Mart&iacute;nez, de 16 a&ntilde;os. Desde la Unidad Fiscal de Ni&ntilde;os, Ni&ntilde;as y Adolescentes de Paran&aacute; se pide la colaboraci&oacute;n de la poblaci&oacute;n con el fin de dar con el paradero de Ashley Valentina Ailen Martinez, de 16 a&ntilde;os, quien este jueves [&hellip;]<\/p>\n","protected":false},"author":2,"featured_media":13199,"comment_status":"open","ping_status":"open","sticky":false,"template":"","format":"standard","meta":{"footnotes":""},"categories":[3,8],"tags":[5136,251,344,95],"class_list":["post-13198","post","type-post","status-publish","format-standard","has-post-thumbnail","hentry","category-locales","category-policiales","tag-ashley-valentina-ailen-martinez","tag-busqueda","tag-colonia-avellaneda","tag-parana"],"_links":{"self":[{"href":"https:\/\/impactodenoticias.com.ar\/index.php?rest_route=\/wp\/v2\/posts\/13198","targetHints":{"allow":["GET"]}}],"collection":[{"href":"https:\/\/impactodenoticias.com.ar\/index.php?rest_route=\/wp\/v2\/posts"}],"about":[{"href":"https:\/\/impactodenoticias.com.ar\/index.php?rest_route=\/wp\/v2\/types\/post"}],"author":[{"embeddable":true,"href":"https:\/\/impactodenoticias.com.ar\/index.php?rest_route=\/wp\/v2\/users\/2"}],"replies":[{"embeddable":true,"href":"https:\/\/impactodenoticias.com.ar\/index.php?rest_route=%2Fwp%2Fv2%2Fcomments&post=13198"}],"version-history":[{"count":1,"href":"https:\/\/impactodenoticias.com.ar\/index.php?rest_route=\/wp\/v2\/posts\/13198\/revisions"}],"predecessor-version":[{"id":13201,"href":"https:\/\/impactodenoticias.com.ar\/index.php?rest_route=\/wp\/v2\/posts\/13198\/revisions\/13201"}],"wp:featuredmedia":[{"embeddable":true,"href":"https:\/\/impactodenoticias.com.ar\/index.php?rest_route=\/wp\/v2\/media\/13199"}],"wp:attachment":[{"href":"https:\/\/impactodenoticias.com.ar\/index.php?rest_route=%2Fwp%2Fv2%2Fmedia&parent=13198"}],"wp:term":[{"taxonomy":"category","embeddable":true,"href":"https:\/\/impactodenoticias.com.ar\/index.php?rest_route=%2Fwp%2Fv2%2Fcategories&post=13198"},{"taxonomy":"post_tag","embeddable":true,"href":"https:\/\/impactodenoticias.com.ar\/index.php?rest_route=%2Fwp%2Fv2%2Ftags&post=13198"}],"curies":[{"name":"wp","href":"https:\/\/api.w.org\/{rel}","templated":true}]}}