{"id":13202,"date":"2025-05-09T11:46:09","date_gmt":"2025-05-09T14:46:09","guid":{"rendered":"https:\/\/impactodenoticias.com.ar\/?p=13202"},"modified":"2025-05-10T12:59:00","modified_gmt":"2025-05-10T15:59:00","slug":"asfalto-viajes-y-silencio-el-modelo-bastian-bordet","status":"publish","type":"post","link":"https:\/\/impactodenoticias.com.ar\/?p=13202","title":{"rendered":"Asfalto, viajes y silencio: el modelo Basti\u00e1n-Bordet"},"content":{"rendered":"\n<h2 class=\"wp-block-heading\">Diversas versiones afirman que el intendente de San Jos\u00e9 Gustavo Basti\u00e1n y su supersecretaria Municipal Annabela Lubo, habr\u00edan viajado a Europa para vivir una vacaciones Europeas.<\/h2>\n\n\n\n<p>Tras el esc\u00e1ndalo por una adjudicaci\u00f3n ama\u00f1ada que le costara al pueblo de San Jos\u00e9 $36.000.000 millones de pesos en el predio termal de la ciudad ubicada en el departamento colon, ahora, el intendente Basti\u00e1n y su mujer Lubo, habr\u00edan decidido pasar unos d\u00edas de vacaciones por el viejo continente.<\/p>\n\n\n\n<p><\/p>\n\n\n\n<figure class=\"wp-block-image size-full\"><img loading=\"lazy\" decoding=\"async\" width=\"642\" height=\"361\" src=\"https:\/\/impactodenoticias.com.ar\/wp-content\/uploads\/2025\/05\/Bordet-San-Jose.webp\" alt=\"\" class=\"wp-image-13203\" srcset=\"https:\/\/impactodenoticias.com.ar\/wp-content\/uploads\/2025\/05\/Bordet-San-Jose.webp 642w, https:\/\/impactodenoticias.com.ar\/wp-content\/uploads\/2025\/05\/Bordet-San-Jose-300x169.webp 300w\" sizes=\"auto, (max-width: 642px) 100vw, 642px\" \/><\/figure>\n\n\n\n<p><\/p>\n\n\n\n<p>Fiel a su padre pol\u00edtico Gustavo Bordet y propio del Kirchnerismo que aseguran representar a los mas humildes de boca y en los hechos hacen otra, Basti\u00e1n habr\u00eda viajado a Europa acompa\u00f1ado de su mujer Annabela Lubo actual Secretaria Municipal.<\/p>\n\n\n\n<p>Es de p\u00fablico conocimiento que el actual intendente sanjosesino sali\u00f3 de vacaciones, mientras que en ejercicio del cargo del DEM quedo su vice Mirta Perez, pero seg\u00fan se comentan en diferentes secretarias municipales es donde fue el intendente y su Sra., ante esta pregunta hay hermetismo, pero seg\u00fan trascendidos se los ubicar\u00eda en diferentes ciudades de Europa en un tour express.<\/p>\n\n\n\n<p>Los militantes y mayor\u00eda municipales no se esconden para decir: que esta ser\u00eda la primera vez en 5 a\u00f1os que salen de vacaciones, como una forma triste de justificar. Porque por un lado denuncian una situaci\u00f3n de crisis social econ\u00f3mica por culpa de las pol\u00edticas nacionales a cargo del Gobierno centralista de Javier Milei y por otro lado su conductor y su potencial candidata pasean en Europa, en total contradicci\u00f3n.<\/p>\n\n\n\n<p>A pesar de que un pu\u00f1ado de militantes tratan de seguir impulsando la actual administraci\u00f3n municipal por obras, se comienza a sentir un descontento en la ciudad de San Jos\u00e9, algo no huele bien y como dijimos al comienzo que \u00abel asfalto no tape el bosque\u00bb. Fuente la Caldera.<\/p>\n","protected":false},"excerpt":{"rendered":"<p>Diversas versiones afirman que el intendente de San Jos&eacute; Gustavo Basti&aacute;n y su supersecretaria Municipal Annabela Lubo, habr&iacute;an viajado a Europa para vivir una vacaciones Europeas. Tras el esc&aacute;ndalo por una adjudicaci&oacute;n ama&ntilde;ada que le costara al pueblo de San Jos&eacute; $36.000.000 millones de pesos en el predio termal de la ciudad ubicada en el [&hellip;]<\/p>\n","protected":false},"author":2,"featured_media":13204,"comment_status":"open","ping_status":"open","sticky":false,"template":"","format":"standard","meta":{"footnotes":""},"categories":[11,4],"tags":[5137,1772,933,5138],"class_list":["post-13202","post","type-post","status-publish","format-standard","has-post-thumbnail","hentry","category-politica","category-provinciales","tag-annabela-lubo","tag-europa","tag-gustavo-bastian","tag-mirta-perez"],"_links":{"self":[{"href":"https:\/\/impactodenoticias.com.ar\/index.php?rest_route=\/wp\/v2\/posts\/13202","targetHints":{"allow":["GET"]}}],"collection":[{"href":"https:\/\/impactodenoticias.com.ar\/index.php?rest_route=\/wp\/v2\/posts"}],"about":[{"href":"https:\/\/impactodenoticias.com.ar\/index.php?rest_route=\/wp\/v2\/types\/post"}],"author":[{"embeddable":true,"href":"https:\/\/impactodenoticias.com.ar\/index.php?rest_route=\/wp\/v2\/users\/2"}],"replies":[{"embeddable":true,"href":"https:\/\/impactodenoticias.com.ar\/index.php?rest_route=%2Fwp%2Fv2%2Fcomments&post=13202"}],"version-history":[{"count":1,"href":"https:\/\/impactodenoticias.com.ar\/index.php?rest_route=\/wp\/v2\/posts\/13202\/revisions"}],"predecessor-version":[{"id":13205,"href":"https:\/\/impactodenoticias.com.ar\/index.php?rest_route=\/wp\/v2\/posts\/13202\/revisions\/13205"}],"wp:featuredmedia":[{"embeddable":true,"href":"https:\/\/impactodenoticias.com.ar\/index.php?rest_route=\/wp\/v2\/media\/13204"}],"wp:attachment":[{"href":"https:\/\/impactodenoticias.com.ar\/index.php?rest_route=%2Fwp%2Fv2%2Fmedia&parent=13202"}],"wp:term":[{"taxonomy":"category","embeddable":true,"href":"https:\/\/impactodenoticias.com.ar\/index.php?rest_route=%2Fwp%2Fv2%2Fcategories&post=13202"},{"taxonomy":"post_tag","embeddable":true,"href":"https:\/\/impactodenoticias.com.ar\/index.php?rest_route=%2Fwp%2Fv2%2Ftags&post=13202"}],"curies":[{"name":"wp","href":"https:\/\/api.w.org\/{rel}","templated":true}]}}