{"id":13206,"date":"2025-05-09T11:54:46","date_gmt":"2025-05-09T14:54:46","guid":{"rendered":"https:\/\/impactodenoticias.com.ar\/?p=13206"},"modified":"2025-05-10T12:58:57","modified_gmt":"2025-05-10T15:58:57","slug":"explicaron-porque-la-fiesta-de-disfraces-no-se-realizara-en-parana-tiene-potencial-para-salir-de-gira-senalo-uno-de-los-organizadores","status":"publish","type":"post","link":"https:\/\/impactodenoticias.com.ar\/?p=13206","title":{"rendered":"Explicaron porqu\u00e9 la Fiesta de Disfraces no se realizar\u00e1 en Paran\u00e1: \u201cTiene potencial para salir de gira\u201d, se\u00f1al\u00f3 uno de los organizadores"},"content":{"rendered":"\n<h2 class=\"wp-block-heading\">Tras confirmarse este viernes la noticia que la Fiesta de Disfraces no se llevar\u00e1 a cabo en Paran\u00e1, optando por San Nicol\u00e1s, provincia de Buenos Aires, Juli\u00e1n Abramor, uno de los organizadores del evento multitudinario , precis\u00f3 por qu\u00e9 tomaron esta decisi\u00f3n.<\/h2>\n\n\n\n<p>\u201cHemos tratado de ser respetuosos con la gente de Paran\u00e1 y creemos que la evento tiene un potencial para salir de gira\u201d, explic\u00f3 en di\u00e1lodo con la prensa.<\/p>\n\n\n\n<p>\u201cEl a\u00f1o pasado luego de la suspensi\u00f3n nos acercaron muchas posibilidades\u201d, mencion\u00f3 haciendo referencia a las ciudades que se \u201cpostularon\u201d e indic\u00f3 por qu\u00e9 eligieron como escenario el Aut\u00f3dromo de la Ciudad de San Nicol\u00e1s. \u201cEs un lugar que tiene las condiciones estructurales, accesos importantes y es un lugar estrat\u00e9gico porque est\u00e1 en el centro del pa\u00eds; tambi\u00e9n est\u00e1 muy cerca de Rosario para que la gente pueda viajar a la fiesta\u201d, destac\u00f3. Y anticip\u00f3 que ten\u00edan \u201ccompromisos abiertos\u201d del a\u00f1o pasado.<\/p>\n\n\n\n<p>\u201cSe pens\u00f3 en lo mejor para el evento\u201d, expres\u00f3 uno de los integrantes del grupo empresario y aclar\u00f3 que en los d\u00edas previos se lo comunicaron a las autoridades de la provincia. \u201cHablamos con el municipio, con la provincia y la federaci\u00f3n hotelera y gastron\u00f3mica porque entendemos el impacto que tiene la fiesta en la ciudad\u201d. Y agreg\u00f3 que: \u201cNunca descartamos volver a Paran\u00e1\u201d.<\/p>\n\n\n\n<p>Abramos subray\u00f3 que \u201cla Fiesta requiere de necesidades que no son f\u00e1ciles de cubrir en inversi\u00f3n y algunas que son m\u00e1s complejas\u201d y \u201carmar un predio desde cero, como el que armamos, hoy es muy costoso\u201d, explic\u00f3.<\/p>\n\n\n\n<p>Aprovech\u00f3 para revelar que \u201cla fiesta va a tener la misma impronta con una gran escenograf\u00eda\u201d y dijo que van a trabajar para que la gente de Paran\u00e1 que quiera ser parte de la FDD tenga algunas facilidades. \u201cVamos a trabajar en conjunto para que se armen los tour\u201d, concluy\u00f3.<\/p>\n","protected":false},"excerpt":{"rendered":"<p>Tras confirmarse este viernes la noticia que la Fiesta de Disfraces no se llevar&aacute; a cabo en Paran&aacute;, optando por San Nicol&aacute;s, provincia de Buenos Aires, Juli&aacute;n Abramor, uno de los organizadores del evento multitudinario , precis&oacute; por qu&eacute; tomaron esta decisi&oacute;n. &ldquo;Hemos tratado de ser respetuosos con la gente de Paran&aacute; y creemos que [&hellip;]<\/p>\n","protected":false},"author":2,"featured_media":13207,"comment_status":"open","ping_status":"open","sticky":false,"template":"","format":"standard","meta":{"footnotes":""},"categories":[3,1902,49],"tags":[908,5140,95,5139],"class_list":["post-13206","post","type-post","status-publish","format-standard","has-post-thumbnail","hentry","category-locales","category-municipales","category-sociedad","tag-fiesta-de-disfraces","tag-julian-abramor","tag-parana","tag-san-nicolas-de-los-arroyos"],"_links":{"self":[{"href":"https:\/\/impactodenoticias.com.ar\/index.php?rest_route=\/wp\/v2\/posts\/13206","targetHints":{"allow":["GET"]}}],"collection":[{"href":"https:\/\/impactodenoticias.com.ar\/index.php?rest_route=\/wp\/v2\/posts"}],"about":[{"href":"https:\/\/impactodenoticias.com.ar\/index.php?rest_route=\/wp\/v2\/types\/post"}],"author":[{"embeddable":true,"href":"https:\/\/impactodenoticias.com.ar\/index.php?rest_route=\/wp\/v2\/users\/2"}],"replies":[{"embeddable":true,"href":"https:\/\/impactodenoticias.com.ar\/index.php?rest_route=%2Fwp%2Fv2%2Fcomments&post=13206"}],"version-history":[{"count":1,"href":"https:\/\/impactodenoticias.com.ar\/index.php?rest_route=\/wp\/v2\/posts\/13206\/revisions"}],"predecessor-version":[{"id":13208,"href":"https:\/\/impactodenoticias.com.ar\/index.php?rest_route=\/wp\/v2\/posts\/13206\/revisions\/13208"}],"wp:featuredmedia":[{"embeddable":true,"href":"https:\/\/impactodenoticias.com.ar\/index.php?rest_route=\/wp\/v2\/media\/13207"}],"wp:attachment":[{"href":"https:\/\/impactodenoticias.com.ar\/index.php?rest_route=%2Fwp%2Fv2%2Fmedia&parent=13206"}],"wp:term":[{"taxonomy":"category","embeddable":true,"href":"https:\/\/impactodenoticias.com.ar\/index.php?rest_route=%2Fwp%2Fv2%2Fcategories&post=13206"},{"taxonomy":"post_tag","embeddable":true,"href":"https:\/\/impactodenoticias.com.ar\/index.php?rest_route=%2Fwp%2Fv2%2Ftags&post=13206"}],"curies":[{"name":"wp","href":"https:\/\/api.w.org\/{rel}","templated":true}]}}