{"id":1322,"date":"2024-07-20T10:11:32","date_gmt":"2024-07-20T13:11:32","guid":{"rendered":"https:\/\/impactodenoticias.com.ar\/?p=1322"},"modified":"2024-07-20T10:11:33","modified_gmt":"2024-07-20T13:11:33","slug":"clima-en-entre-rios-se-espera-una-jornada-con-nubosidad-variable-e-inestabilidades","status":"publish","type":"post","link":"https:\/\/impactodenoticias.com.ar\/?p=1322","title":{"rendered":"Clima en Entre R\u00edos: se espera una jornada con nubosidad variable e inestabilidades"},"content":{"rendered":"\n<p><strong>El pron\u00f3stico del Servicio Meteorol\u00f3gico Nacional (SMN), anticipa una jornada con clima lluvioso en la provincia de Entre R\u00edos.<\/strong><\/p>\n\n\n\n<p>El SMN informa que este s\u00e1bado se registran lluvias en la provincia de Entre R\u00edos. Se espera que las precipitaciones sean menos intensas durante jornada pero el mal clima se extender\u00e1 por lo menos hasta la tarde.<\/p>\n\n\n\n<p><strong>El clima en las ciudades entrerrianas<\/strong><\/p>\n\n\n\n<p>En Paran\u00e1, La Paz, Villaguay, Diamante y Nogoy\u00e1 la m\u00ednima ser\u00e1 de 8 grados y la m\u00e1xima alcanzar\u00e1 los 14 grados. En la capital y alrededores se espera una jornada con tormentas aisladas desde la ma\u00f1ana.<\/p>\n\n\n\n<p>Mientras que Concordia, Federal, Feliciano, Federaci\u00f3n y San Salvador, en tanto, se espera una m\u00ednima de 10 grados y una m\u00e1xima de 19 grados. All\u00ed tambi\u00e9n se prev\u00e9 una jornada nublada.<\/p>\n\n\n\n<p>En Gualeguaych\u00fa, Col\u00f3n, Uruguay, Tala e Islas, por \u00faltimo, se pronostica una m\u00ednima de 8 grados y una m\u00e1xima de 12 grados. Al igual que en las localidades mencionadas anteriormente se espera un d\u00eda con lloviznas.<\/p>\n\n\n\n<p><\/p>\n\n\n\n<figure class=\"wp-block-image size-full\"><img loading=\"lazy\" decoding=\"async\" width=\"701\" height=\"615\" src=\"https:\/\/impactodenoticias.com.ar\/wp-content\/uploads\/2024\/07\/scrnli_20_7_2024_10-05-44-1.png\" alt=\"\" class=\"wp-image-1323\" srcset=\"https:\/\/impactodenoticias.com.ar\/wp-content\/uploads\/2024\/07\/scrnli_20_7_2024_10-05-44-1.png 701w, https:\/\/impactodenoticias.com.ar\/wp-content\/uploads\/2024\/07\/scrnli_20_7_2024_10-05-44-1-300x263.png 300w\" sizes=\"auto, (max-width: 701px) 100vw, 701px\" \/><\/figure>\n","protected":false},"excerpt":{"rendered":"<p>El pron&oacute;stico del Servicio Meteorol&oacute;gico Nacional (SMN), anticipa una jornada con clima lluvioso en la provincia de Entre R&iacute;os. El SMN informa que este s&aacute;bado se registran lluvias en la provincia de Entre R&iacute;os. Se espera que las precipitaciones sean menos intensas durante jornada pero el mal clima se extender&aacute; por lo menos hasta la [&hellip;]<\/p>\n","protected":false},"author":2,"featured_media":1324,"comment_status":"open","ping_status":"open","sticky":false,"template":"","format":"standard","meta":{"footnotes":""},"categories":[4,49],"tags":[38,33],"class_list":["post-1322","post","type-post","status-publish","format-standard","has-post-thumbnail","hentry","category-provinciales","category-sociedad","tag-clima","tag-entre-rios"],"_links":{"self":[{"href":"https:\/\/impactodenoticias.com.ar\/index.php?rest_route=\/wp\/v2\/posts\/1322","targetHints":{"allow":["GET"]}}],"collection":[{"href":"https:\/\/impactodenoticias.com.ar\/index.php?rest_route=\/wp\/v2\/posts"}],"about":[{"href":"https:\/\/impactodenoticias.com.ar\/index.php?rest_route=\/wp\/v2\/types\/post"}],"author":[{"embeddable":true,"href":"https:\/\/impactodenoticias.com.ar\/index.php?rest_route=\/wp\/v2\/users\/2"}],"replies":[{"embeddable":true,"href":"https:\/\/impactodenoticias.com.ar\/index.php?rest_route=%2Fwp%2Fv2%2Fcomments&post=1322"}],"version-history":[{"count":1,"href":"https:\/\/impactodenoticias.com.ar\/index.php?rest_route=\/wp\/v2\/posts\/1322\/revisions"}],"predecessor-version":[{"id":1325,"href":"https:\/\/impactodenoticias.com.ar\/index.php?rest_route=\/wp\/v2\/posts\/1322\/revisions\/1325"}],"wp:featuredmedia":[{"embeddable":true,"href":"https:\/\/impactodenoticias.com.ar\/index.php?rest_route=\/wp\/v2\/media\/1324"}],"wp:attachment":[{"href":"https:\/\/impactodenoticias.com.ar\/index.php?rest_route=%2Fwp%2Fv2%2Fmedia&parent=1322"}],"wp:term":[{"taxonomy":"category","embeddable":true,"href":"https:\/\/impactodenoticias.com.ar\/index.php?rest_route=%2Fwp%2Fv2%2Fcategories&post=1322"},{"taxonomy":"post_tag","embeddable":true,"href":"https:\/\/impactodenoticias.com.ar\/index.php?rest_route=%2Fwp%2Fv2%2Ftags&post=1322"}],"curies":[{"name":"wp","href":"https:\/\/api.w.org\/{rel}","templated":true}]}}