{"id":13237,"date":"2025-05-11T10:53:47","date_gmt":"2025-05-11T13:53:47","guid":{"rendered":"https:\/\/impactodenoticias.com.ar\/?p=13237"},"modified":"2025-05-12T10:25:57","modified_gmt":"2025-05-12T13:25:57","slug":"la-basura-que-se-vende-como-noticia-michel-su-servi-publicista-y-el-circulo-delator","status":"publish","type":"post","link":"https:\/\/impactodenoticias.com.ar\/?p=13237","title":{"rendered":"La basura que se vende como noticia: Michel, su servi publicista y el c\u00edrculo delator"},"content":{"rendered":"\n<h2 class=\"wp-block-heading\">Mientras An\u00e1lisis Digital juega al periodismo con material filtrado por los s\u00f3tanos judiciales, la verdad se silencia a prop\u00f3sito. Lo que Daniel Enz no dice, lo que Michel no quiere que se sepa, es que quien escribe estas l\u00edneas es el denunciante del saqueo del IOSPER, de los contratos truchos de la Legislatura, y de una de las maniobras judiciales m\u00e1s obscenas de los \u00faltimos a\u00f1os en Entre R\u00edos.<\/h2>\n\n\n\n<p>Un fiscal \u2013Fernando Ren\u00e9 Mart\u00ednez\u2013 que fue investigado por narcotr\u00e1fico, termina denunciando a un defensor, y armando junto a funcionarios judiciales una causa para responsabilizar por venta de droga a una persona con retraso mental, mientras los verdaderos responsables salieron con un abreviado condicional y sin investigaci\u00f3n real. Eso es lo que se denunci\u00f3. No la basura que redacta Enz, apestado por su servilismo y su odio.<\/p>\n\n\n\n<p>La causa que motiv\u00f3 esta operaci\u00f3n medi\u00e1tica, est\u00e1 manchada desde su inicio: una jueza que me adelant\u00f3 que iba a rechazar todo lo que planteara, una fiscal\u00eda que niega grabaciones pero las filtra a los medios amigos, y un periodismo que en lugar de investigar, obedece.<\/p>\n\n\n\n<p>Y para despejar dudas: yo sigo siendo abogado defensor del principal imputado.<\/p>\n\n\n\n<p>La denuncia la present\u00e9 yo, no \u00e9l, porque le ped\u00ed expresamente que no la ratificara, ya que sab\u00eda que el sistema iba a ir contra \u00e9l por su condici\u00f3n vulnerable. Hoy lo est\u00e1n usando como chivo expiatorio para encubrir a una organizaci\u00f3n criminal con terminales en la justicia.<\/p>\n\n\n\n<p>El fiscal Fernando Ren\u00e9 Mart\u00ednez, hoy denunciado y recusado, es parte estructural de esta trama. No lo digo una vez: lo repito con pruebas. Su accionar es funcional a un encubrimiento. Y lo voy a sostener donde sea: no le tengo miedo a jueces, ni a fiscales, ni a servicios, ni a los medios alquilados.<\/p>\n\n\n\n<p>Por si faltara algo, el Dr. Cullen \u201cMochi\u201d, presidente del Instituto de Derecho Penal del Colegio de Abogados, conoc\u00eda esta situaci\u00f3n desde hace meses. Pero evidentemente el colegio arregl\u00f3 su conflicto con los jueces, y esta causa no formaba parte del pacto.<\/p>\n\n\n\n<p>Entonces, \u00bfde qu\u00e9 se trata todo esto? De silenciar a un denunciante. De blindar a un sistema judicial que protege delincuentes y persigue a quienes no entran en el juego. De inventar culpables para que los verdaderos responsables sigan operando con impunidad.<\/p>\n\n\n\n<p>Desde este medio, no vamos a dejar que la basura medi\u00e1tica tape la verdad. Esta causa va a llegar a donde tenga que llegar. Y cuando caiga el tel\u00f3n, van a quedar expuestos todos los nombres. Fuente: La Caldera<\/p>\n","protected":false},"excerpt":{"rendered":"<p>Mientras An&aacute;lisis Digital juega al periodismo con material filtrado por los s&oacute;tanos judiciales, la verdad se silencia a prop&oacute;sito. Lo que Daniel Enz no dice, lo que Michel no quiere que se sepa, es que quien escribe estas l&iacute;neas es el denunciante del saqueo del IOSPER, de los contratos truchos de la Legislatura, y de [&hellip;]<\/p>\n","protected":false},"author":2,"featured_media":13238,"comment_status":"open","ping_status":"open","sticky":false,"template":"","format":"standard","meta":{"footnotes":""},"categories":[11,4],"tags":[222,46],"class_list":["post-13237","post","type-post","status-publish","format-standard","has-post-thumbnail","hentry","category-politica","category-provinciales","tag-daniel-enz","tag-guillermo-michel"],"_links":{"self":[{"href":"https:\/\/impactodenoticias.com.ar\/index.php?rest_route=\/wp\/v2\/posts\/13237","targetHints":{"allow":["GET"]}}],"collection":[{"href":"https:\/\/impactodenoticias.com.ar\/index.php?rest_route=\/wp\/v2\/posts"}],"about":[{"href":"https:\/\/impactodenoticias.com.ar\/index.php?rest_route=\/wp\/v2\/types\/post"}],"author":[{"embeddable":true,"href":"https:\/\/impactodenoticias.com.ar\/index.php?rest_route=\/wp\/v2\/users\/2"}],"replies":[{"embeddable":true,"href":"https:\/\/impactodenoticias.com.ar\/index.php?rest_route=%2Fwp%2Fv2%2Fcomments&post=13237"}],"version-history":[{"count":2,"href":"https:\/\/impactodenoticias.com.ar\/index.php?rest_route=\/wp\/v2\/posts\/13237\/revisions"}],"predecessor-version":[{"id":13240,"href":"https:\/\/impactodenoticias.com.ar\/index.php?rest_route=\/wp\/v2\/posts\/13237\/revisions\/13240"}],"wp:featuredmedia":[{"embeddable":true,"href":"https:\/\/impactodenoticias.com.ar\/index.php?rest_route=\/wp\/v2\/media\/13238"}],"wp:attachment":[{"href":"https:\/\/impactodenoticias.com.ar\/index.php?rest_route=%2Fwp%2Fv2%2Fmedia&parent=13237"}],"wp:term":[{"taxonomy":"category","embeddable":true,"href":"https:\/\/impactodenoticias.com.ar\/index.php?rest_route=%2Fwp%2Fv2%2Fcategories&post=13237"},{"taxonomy":"post_tag","embeddable":true,"href":"https:\/\/impactodenoticias.com.ar\/index.php?rest_route=%2Fwp%2Fv2%2Ftags&post=13237"}],"curies":[{"name":"wp","href":"https:\/\/api.w.org\/{rel}","templated":true}]}}