{"id":13242,"date":"2025-05-12T10:10:45","date_gmt":"2025-05-12T13:10:45","guid":{"rendered":"https:\/\/impactodenoticias.com.ar\/?p=13242"},"modified":"2025-05-13T12:12:02","modified_gmt":"2025-05-13T15:12:02","slug":"parana-internaron-al-cardenal-karlic-tras-sufrir-una-descompensacion-cardiaca","status":"publish","type":"post","link":"https:\/\/impactodenoticias.com.ar\/?p=13242","title":{"rendered":"Paran\u00e1: internaron al cardenal Karlic tras sufrir una descompensaci\u00f3n card\u00edaca"},"content":{"rendered":"\n<h2 class=\"wp-block-heading\">Estanislao Esteban Karlic de 99 a\u00f1os y ex arzobispo, sufri\u00f3 una descompensaci\u00f3n card\u00edaca, ocurri\u00f3 el s\u00e1bado y fue internado en un sanatorio privado de la ciudad capital.<\/h2>\n\n\n\n<p>La Oficina de Prensa del Arzobispado de Paran\u00e1 dio a conocer por medio de un comunicado que el cardenal Estanislao Esteban Karlic, uno de los referentes m\u00e1s destacados de la historia de la Iglesia Cat\u00f3lica argentina y en particular de la capital entrerriana, sufri\u00f3 una descompensaci\u00f3n card\u00edaca este s\u00e1bado por lo que tuvo que ser internado en el Sanatorio \u201cLa Entrerriana\u201d de Paran\u00e1.<\/p>\n\n\n\n<p><\/p>\n\n\n\n<figure class=\"wp-block-image size-full\"><img loading=\"lazy\" decoding=\"async\" width=\"696\" height=\"696\" src=\"https:\/\/impactodenoticias.com.ar\/wp-content\/uploads\/2025\/05\/Comunicado-Karlic.webp\" alt=\"\" class=\"wp-image-13243\" srcset=\"https:\/\/impactodenoticias.com.ar\/wp-content\/uploads\/2025\/05\/Comunicado-Karlic.webp 696w, https:\/\/impactodenoticias.com.ar\/wp-content\/uploads\/2025\/05\/Comunicado-Karlic-300x300.webp 300w, https:\/\/impactodenoticias.com.ar\/wp-content\/uploads\/2025\/05\/Comunicado-Karlic-150x150.webp 150w\" sizes=\"auto, (max-width: 696px) 100vw, 696px\" \/><\/figure>\n\n\n\n<p><\/p>\n\n\n\n<p>De acuerdo al comunicado, el ex arzobispo permanece internado en la unidad de cuidados intensivos y evoluciona favorablemente. Agrega que no se permiten las visitas.<\/p>\n\n\n\n<p>Karlic es uno de los pocos obispos em\u00e9ritos que hay en el mundo, al superar los 90 a\u00f1os de edad y es el obispo em\u00e9rito m\u00e1s longevo de Argentina con 99 a\u00f1os.<\/p>\n","protected":false},"excerpt":{"rendered":"<p>Estanislao Esteban Karlic de 99 a&ntilde;os y ex arzobispo, sufri&oacute; una descompensaci&oacute;n card&iacute;aca, ocurri&oacute; el s&aacute;bado y fue internado en un sanatorio privado de la ciudad capital. La Oficina de Prensa del Arzobispado de Paran&aacute; dio a conocer por medio de un comunicado que el cardenal Estanislao Esteban Karlic, uno de los referentes m&aacute;s destacados [&hellip;]<\/p>\n","protected":false},"author":2,"featured_media":13244,"comment_status":"open","ping_status":"open","sticky":false,"template":"","format":"standard","meta":{"footnotes":""},"categories":[3,49],"tags":[5157,268,2782,95],"class_list":["post-13242","post","type-post","status-publish","format-standard","has-post-thumbnail","hentry","category-locales","category-sociedad","tag-arzobispado","tag-estanislao-karlic","tag-internado","tag-parana"],"_links":{"self":[{"href":"https:\/\/impactodenoticias.com.ar\/index.php?rest_route=\/wp\/v2\/posts\/13242","targetHints":{"allow":["GET"]}}],"collection":[{"href":"https:\/\/impactodenoticias.com.ar\/index.php?rest_route=\/wp\/v2\/posts"}],"about":[{"href":"https:\/\/impactodenoticias.com.ar\/index.php?rest_route=\/wp\/v2\/types\/post"}],"author":[{"embeddable":true,"href":"https:\/\/impactodenoticias.com.ar\/index.php?rest_route=\/wp\/v2\/users\/2"}],"replies":[{"embeddable":true,"href":"https:\/\/impactodenoticias.com.ar\/index.php?rest_route=%2Fwp%2Fv2%2Fcomments&post=13242"}],"version-history":[{"count":1,"href":"https:\/\/impactodenoticias.com.ar\/index.php?rest_route=\/wp\/v2\/posts\/13242\/revisions"}],"predecessor-version":[{"id":13245,"href":"https:\/\/impactodenoticias.com.ar\/index.php?rest_route=\/wp\/v2\/posts\/13242\/revisions\/13245"}],"wp:featuredmedia":[{"embeddable":true,"href":"https:\/\/impactodenoticias.com.ar\/index.php?rest_route=\/wp\/v2\/media\/13244"}],"wp:attachment":[{"href":"https:\/\/impactodenoticias.com.ar\/index.php?rest_route=%2Fwp%2Fv2%2Fmedia&parent=13242"}],"wp:term":[{"taxonomy":"category","embeddable":true,"href":"https:\/\/impactodenoticias.com.ar\/index.php?rest_route=%2Fwp%2Fv2%2Fcategories&post=13242"},{"taxonomy":"post_tag","embeddable":true,"href":"https:\/\/impactodenoticias.com.ar\/index.php?rest_route=%2Fwp%2Fv2%2Ftags&post=13242"}],"curies":[{"name":"wp","href":"https:\/\/api.w.org\/{rel}","templated":true}]}}