{"id":13255,"date":"2025-05-12T17:14:43","date_gmt":"2025-05-12T20:14:43","guid":{"rendered":"https:\/\/impactodenoticias.com.ar\/?p=13255"},"modified":"2025-05-13T12:11:51","modified_gmt":"2025-05-13T15:11:51","slug":"los-padres-de-facundo-exigieron-mayor-celeridad-en-la-causa-y-denunciaron-que-riolo-sigue-ejerciendo","status":"publish","type":"post","link":"https:\/\/impactodenoticias.com.ar\/?p=13255","title":{"rendered":"Los padres de Facundo exigieron mayor celeridad en la causa y denunciaron que Riolo sigue ejerciendo"},"content":{"rendered":"\n<h2 class=\"wp-block-heading\">Aseguran que el m\u00e9dico acusado de matar a su peque\u00f1o hijo se matricul\u00f3 en el sur. Adem\u00e1s exigen rapidez en los resultados de una prueba que es clave.<\/h2>\n\n\n\n<p>Los padres de Facundo Barrios, el ni\u00f1o de Paran\u00e1 que muri\u00f3 por una probable mala praxis, luego de una operaci\u00f3n del otorrinolaring\u00f3logo Guillermo Riolo, remarcaron que el profesional entrerriano -suspendido en la provincia- est\u00e1 buscando darse de alta para trabajar en provincias del sur como Chubut y Santa Cruz. Agregaron que aguardan los resultados de nuevos estudios relacionados con el cuerpo del menor, que servir\u00edan como prueba para imputar al cuestionado galeno.<\/p>\n\n\n\n<p>\u201cDesde ac\u00e1 ya se hizo todo, se dio aviso a Naci\u00f3n y deber\u00eda bajar una orden a todas las provincias para que no pueda seguir ejerciendo moment\u00e1neamente\u201d, manifest\u00f3 la mam\u00e1 de Facundo a la salida de una reuni\u00f3n que mantuvieron con el ministro de Salud, Daniel Blanzaco. Su pap\u00e1 acot\u00f3: \u201cNos han contactado con informaci\u00f3n para alertarnos. Lo han visto sacando pasajes, donde viaj\u00f3 al sur a trabajar aparentemente. Lo investigamos y corroboramos que se estaba matriculando en Chubut. Queremos alertar a quienes viven all\u00e1, porque muchos pueden caer en sus manos\u201d, destac\u00f3.<\/p>\n\n\n\n<p>Consultados por la causa, los padres del menor fallecido exigieron nuevamente m\u00e1s celeridad: \u201cLlevamos dos meses esperando la ampliaci\u00f3n de la autopsia. Se necesita eso para la imputaci\u00f3n. Nos enteramos adem\u00e1s que el fiscal est\u00e1 de licencia. Estamos sin novedades\u201d, concluy\u00f3.<\/p>\n","protected":false},"excerpt":{"rendered":"<p>Aseguran que el m&eacute;dico acusado de matar a su peque&ntilde;o hijo se matricul&oacute; en el sur. Adem&aacute;s exigen rapidez en los resultados de una prueba que es clave. Los padres de Facundo Barrios, el ni&ntilde;o de Paran&aacute; que muri&oacute; por una probable mala praxis, luego de una operaci&oacute;n del otorrinolaring&oacute;logo Guillermo Riolo, remarcaron que el [&hellip;]<\/p>\n","protected":false},"author":2,"featured_media":13256,"comment_status":"open","ping_status":"open","sticky":false,"template":"","format":"standard","meta":{"footnotes":""},"categories":[90,8,4],"tags":[4418,2217,2092,2091,1316],"class_list":["post-13255","post","type-post","status-publish","format-standard","has-post-thumbnail","hentry","category-judicial","category-policiales","category-provinciales","tag-daniel-blanzaco","tag-facundo-barrios","tag-guillermo-riolo","tag-mala-praxis","tag-padres"],"_links":{"self":[{"href":"https:\/\/impactodenoticias.com.ar\/index.php?rest_route=\/wp\/v2\/posts\/13255","targetHints":{"allow":["GET"]}}],"collection":[{"href":"https:\/\/impactodenoticias.com.ar\/index.php?rest_route=\/wp\/v2\/posts"}],"about":[{"href":"https:\/\/impactodenoticias.com.ar\/index.php?rest_route=\/wp\/v2\/types\/post"}],"author":[{"embeddable":true,"href":"https:\/\/impactodenoticias.com.ar\/index.php?rest_route=\/wp\/v2\/users\/2"}],"replies":[{"embeddable":true,"href":"https:\/\/impactodenoticias.com.ar\/index.php?rest_route=%2Fwp%2Fv2%2Fcomments&post=13255"}],"version-history":[{"count":1,"href":"https:\/\/impactodenoticias.com.ar\/index.php?rest_route=\/wp\/v2\/posts\/13255\/revisions"}],"predecessor-version":[{"id":13257,"href":"https:\/\/impactodenoticias.com.ar\/index.php?rest_route=\/wp\/v2\/posts\/13255\/revisions\/13257"}],"wp:featuredmedia":[{"embeddable":true,"href":"https:\/\/impactodenoticias.com.ar\/index.php?rest_route=\/wp\/v2\/media\/13256"}],"wp:attachment":[{"href":"https:\/\/impactodenoticias.com.ar\/index.php?rest_route=%2Fwp%2Fv2%2Fmedia&parent=13255"}],"wp:term":[{"taxonomy":"category","embeddable":true,"href":"https:\/\/impactodenoticias.com.ar\/index.php?rest_route=%2Fwp%2Fv2%2Fcategories&post=13255"},{"taxonomy":"post_tag","embeddable":true,"href":"https:\/\/impactodenoticias.com.ar\/index.php?rest_route=%2Fwp%2Fv2%2Ftags&post=13255"}],"curies":[{"name":"wp","href":"https:\/\/api.w.org\/{rel}","templated":true}]}}