{"id":13258,"date":"2025-05-12T17:26:06","date_gmt":"2025-05-12T20:26:06","guid":{"rendered":"https:\/\/impactodenoticias.com.ar\/?p=13258"},"modified":"2025-05-12T17:26:06","modified_gmt":"2025-05-12T20:26:06","slug":"una-familia-choco-en-ruta-14-con-otro-vehiculo-sin-registrarse-heridos","status":"publish","type":"post","link":"https:\/\/impactodenoticias.com.ar\/?p=13258","title":{"rendered":"Una familia choc\u00f3 en Ruta 14 con otro veh\u00edculo sin registrarse heridos"},"content":{"rendered":"\n<h2 class=\"wp-block-heading\">Se registr\u00f3 un accidente vial este lunes en Ruta 14, en Ubajay, Col\u00f3n. Un autom\u00f3vil embisti\u00f3 de atr\u00e1s a una camioneta que se reincorporaba a la calzada, que ingresaba desde un camino vecinal. Sucedi\u00f3 cerca de las 8.<\/h2>\n\n\n\n<p>Seg\u00fan se inform\u00f3, personal policial de Comisar\u00eda Ubajay intervino en el siniestro vial que se produjo a la altura del kil\u00f3metro 214, lugar donde un auto Fiat Palio colision\u00f3 con su parte delantera derecha a otro veh\u00edculo, un Peugeot 504, tipo camioneta.<\/p>\n\n\n\n<p><\/p>\n\n\n\n<figure class=\"wp-block-image size-full\"><img loading=\"lazy\" decoding=\"async\" width=\"696\" height=\"522\" src=\"https:\/\/impactodenoticias.com.ar\/wp-content\/uploads\/2025\/05\/Accidente-Ruta14-Ubajay.webp\" alt=\"\" class=\"wp-image-13259\" srcset=\"https:\/\/impactodenoticias.com.ar\/wp-content\/uploads\/2025\/05\/Accidente-Ruta14-Ubajay.webp 696w, https:\/\/impactodenoticias.com.ar\/wp-content\/uploads\/2025\/05\/Accidente-Ruta14-Ubajay-300x225.webp 300w\" sizes=\"auto, (max-width: 696px) 100vw, 696px\" \/><\/figure>\n\n\n\n<p><\/p>\n\n\n\n<p>El primer veh\u00edculo era conducido por un hombre de 47 a\u00f1os, acompa\u00f1ado de su hermano, de 58, y dos mujeres de 68 y 51, y se dirig\u00eda de Norte a Sur. En el segundo, viajaban dos varones, de de 56 y 54, en sentido de Oeste a Este.<\/p>\n\n\n\n<p>Seg\u00fan las primeras informaciones, el Peugeot 504 fue impactado en su parte trasera izquierda cuando reingresaba a la ruta desde camino rural secundario de la colectora. Afortunadamente no se registraron heridos, ni terceros involucrados, tampoco se tuvo que cerrar el tr\u00e1nsito.<\/p>\n","protected":false},"excerpt":{"rendered":"<p>Se registr&oacute; un accidente vial este lunes en Ruta 14, en Ubajay, Col&oacute;n. Un autom&oacute;vil embisti&oacute; de atr&aacute;s a una camioneta que se reincorporaba a la calzada, que ingresaba desde un camino vecinal. Sucedi&oacute; cerca de las 8. Seg&uacute;n se inform&oacute;, personal policial de Comisar&iacute;a Ubajay intervino en el siniestro vial que se produjo a [&hellip;]<\/p>\n","protected":false},"author":2,"featured_media":13260,"comment_status":"open","ping_status":"open","sticky":false,"template":"","format":"standard","meta":{"footnotes":""},"categories":[8,4],"tags":[120,828,1883],"class_list":["post-13258","post","type-post","status-publish","format-standard","has-post-thumbnail","hentry","category-policiales","category-provinciales","tag-accidente","tag-ruta-14","tag-ubajay"],"_links":{"self":[{"href":"https:\/\/impactodenoticias.com.ar\/index.php?rest_route=\/wp\/v2\/posts\/13258","targetHints":{"allow":["GET"]}}],"collection":[{"href":"https:\/\/impactodenoticias.com.ar\/index.php?rest_route=\/wp\/v2\/posts"}],"about":[{"href":"https:\/\/impactodenoticias.com.ar\/index.php?rest_route=\/wp\/v2\/types\/post"}],"author":[{"embeddable":true,"href":"https:\/\/impactodenoticias.com.ar\/index.php?rest_route=\/wp\/v2\/users\/2"}],"replies":[{"embeddable":true,"href":"https:\/\/impactodenoticias.com.ar\/index.php?rest_route=%2Fwp%2Fv2%2Fcomments&post=13258"}],"version-history":[{"count":1,"href":"https:\/\/impactodenoticias.com.ar\/index.php?rest_route=\/wp\/v2\/posts\/13258\/revisions"}],"predecessor-version":[{"id":13261,"href":"https:\/\/impactodenoticias.com.ar\/index.php?rest_route=\/wp\/v2\/posts\/13258\/revisions\/13261"}],"wp:featuredmedia":[{"embeddable":true,"href":"https:\/\/impactodenoticias.com.ar\/index.php?rest_route=\/wp\/v2\/media\/13260"}],"wp:attachment":[{"href":"https:\/\/impactodenoticias.com.ar\/index.php?rest_route=%2Fwp%2Fv2%2Fmedia&parent=13258"}],"wp:term":[{"taxonomy":"category","embeddable":true,"href":"https:\/\/impactodenoticias.com.ar\/index.php?rest_route=%2Fwp%2Fv2%2Fcategories&post=13258"},{"taxonomy":"post_tag","embeddable":true,"href":"https:\/\/impactodenoticias.com.ar\/index.php?rest_route=%2Fwp%2Fv2%2Ftags&post=13258"}],"curies":[{"name":"wp","href":"https:\/\/api.w.org\/{rel}","templated":true}]}}