{"id":1326,"date":"2024-07-20T10:38:19","date_gmt":"2024-07-20T13:38:19","guid":{"rendered":"https:\/\/impactodenoticias.com.ar\/?p=1326"},"modified":"2024-07-20T10:38:20","modified_gmt":"2024-07-20T13:38:20","slug":"se-le-escapo-un-tiro-e-hirio-a-su-amigo-en-el-hombro-ocurrio-en-parana","status":"publish","type":"post","link":"https:\/\/impactodenoticias.com.ar\/?p=1326","title":{"rendered":"Se le \u00abescap\u00f3 un tiro\u00bb e hiri\u00f3 a su amigo en el hombro. Ocurri\u00f3 en Paran\u00e1"},"content":{"rendered":"\n<p><strong>Un joven de 24 a\u00f1os result\u00f3 herido en el hombro izquierdo luego de recibir un disparo accidental de un arma de fuego durante una juntada de amigos. Fue trasladado al hospital San Mart\u00edn y afortunadamente est\u00e1 fuera de peligro.<\/strong><\/p>\n\n\n\n<p>Un joven recibi\u00f3 un disparo de arma de fuego en Paran\u00e1 y fue trasladado de urgencia al Hospital San Mart\u00edn. El hecho sucedi\u00f3 este viernes por la noche, en la previa al D\u00eda del Amigo, en medio de una juntada.<\/p>\n\n\n\n<p>Seg\u00fan se inform\u00f3 a <strong>IMPACTO DE NOTICIAS<\/strong>, cerca de las 20, un grupo de amigos estaba en el interior de una vivienda ubicada en calle Tres de Febrero, cuando uno de ellos extrajo un arma de fuego. Al momento de mostrarla, realiz\u00f3 un mal manejo y dispar\u00f3 el proyectil contra un joven.<\/p>\n\n\n\n<p><\/p>\n\n\n\n<figure class=\"wp-block-image size-full\"><img loading=\"lazy\" decoding=\"async\" width=\"800\" height=\"450\" src=\"https:\/\/impactodenoticias.com.ar\/wp-content\/uploads\/2024\/07\/o_1721474777.jpg\" alt=\"\" class=\"wp-image-1327\" srcset=\"https:\/\/impactodenoticias.com.ar\/wp-content\/uploads\/2024\/07\/o_1721474777.jpg 800w, https:\/\/impactodenoticias.com.ar\/wp-content\/uploads\/2024\/07\/o_1721474777-300x169.jpg 300w, https:\/\/impactodenoticias.com.ar\/wp-content\/uploads\/2024\/07\/o_1721474777-768x432.jpg 768w\" sizes=\"auto, (max-width: 800px) 100vw, 800px\" \/><\/figure>\n\n\n\n<p><\/p>\n\n\n\n<p>El disparo habr\u00eda sido accidental e impact\u00f3 en el hombro de su amigo, de 24 a\u00f1os, quien afortunadamente recibi\u00f3 r\u00e1pidamente atenci\u00f3n m\u00e9dica y se encuentra fuera de peligro. Tras el hecho, personal de Investigaciones de la Departamental Paran\u00e1 fue hasta el domicilio del autor del disparo y dialog\u00f3 con su pareja, quien entreg\u00f3 un arma de fuego tipo revolver cal.22.<\/p>\n","protected":false},"excerpt":{"rendered":"<p>Un joven de 24 a&ntilde;os result&oacute; herido en el hombro izquierdo luego de recibir un disparo accidental de un arma de fuego durante una juntada de amigos. Fue trasladado al hospital San Mart&iacute;n y afortunadamente est&aacute; fuera de peligro. Un joven recibi&oacute; un disparo de arma de fuego en Paran&aacute; y fue trasladado de urgencia [&hellip;]<\/p>\n","protected":false},"author":2,"featured_media":1328,"comment_status":"open","ping_status":"open","sticky":false,"template":"","format":"standard","meta":{"footnotes":""},"categories":[3,8],"tags":[663,95],"class_list":["post-1326","post","type-post","status-publish","format-standard","has-post-thumbnail","hentry","category-locales","category-policiales","tag-disparo","tag-parana"],"_links":{"self":[{"href":"https:\/\/impactodenoticias.com.ar\/index.php?rest_route=\/wp\/v2\/posts\/1326","targetHints":{"allow":["GET"]}}],"collection":[{"href":"https:\/\/impactodenoticias.com.ar\/index.php?rest_route=\/wp\/v2\/posts"}],"about":[{"href":"https:\/\/impactodenoticias.com.ar\/index.php?rest_route=\/wp\/v2\/types\/post"}],"author":[{"embeddable":true,"href":"https:\/\/impactodenoticias.com.ar\/index.php?rest_route=\/wp\/v2\/users\/2"}],"replies":[{"embeddable":true,"href":"https:\/\/impactodenoticias.com.ar\/index.php?rest_route=%2Fwp%2Fv2%2Fcomments&post=1326"}],"version-history":[{"count":1,"href":"https:\/\/impactodenoticias.com.ar\/index.php?rest_route=\/wp\/v2\/posts\/1326\/revisions"}],"predecessor-version":[{"id":1329,"href":"https:\/\/impactodenoticias.com.ar\/index.php?rest_route=\/wp\/v2\/posts\/1326\/revisions\/1329"}],"wp:featuredmedia":[{"embeddable":true,"href":"https:\/\/impactodenoticias.com.ar\/index.php?rest_route=\/wp\/v2\/media\/1328"}],"wp:attachment":[{"href":"https:\/\/impactodenoticias.com.ar\/index.php?rest_route=%2Fwp%2Fv2%2Fmedia&parent=1326"}],"wp:term":[{"taxonomy":"category","embeddable":true,"href":"https:\/\/impactodenoticias.com.ar\/index.php?rest_route=%2Fwp%2Fv2%2Fcategories&post=1326"},{"taxonomy":"post_tag","embeddable":true,"href":"https:\/\/impactodenoticias.com.ar\/index.php?rest_route=%2Fwp%2Fv2%2Ftags&post=1326"}],"curies":[{"name":"wp","href":"https:\/\/api.w.org\/{rel}","templated":true}]}}