{"id":13282,"date":"2025-05-13T18:03:06","date_gmt":"2025-05-13T21:03:06","guid":{"rendered":"https:\/\/impactodenoticias.com.ar\/?p=13282"},"modified":"2025-05-14T11:26:21","modified_gmt":"2025-05-14T14:26:21","slug":"gabriela-lena-alerto-sobre-la-presencia-de-barras-bravas-de-patronato-en-la-convocatoria-por-el-iosper","status":"publish","type":"post","link":"https:\/\/impactodenoticias.com.ar\/?p=13282","title":{"rendered":"Gabriela Lena alert\u00f3 sobre la presencia de \u201cbarras bravas de Patronato\u201d en la convocatoria por el IOSPER"},"content":{"rendered":"\n<h2 class=\"wp-block-heading\">La legisladora provincial de Juntos por Entre R\u00edos, Gabriela Lena, manifest\u00f1o su preocupaci\u00f3n por la utilizaci\u00f3n de barras bravas en la marcha impulsada por la Intersindical en rechazo al proyecto de reforma del IOSPER.<\/h2>\n\n\n\n<p>\u201cNos preocupa seriamente que detr\u00e1s de una movilizaci\u00f3n que deber\u00eda expresar leg\u00edtimamente el reclamo de los trabajadores se utilicen mecanismos extorsivos y grupos ajenos al debate sanitario y legislativo\u201d, asegur\u00f3 Lena.<\/p>\n\n\n\n<p>La legisladora provincial hizo referencia \u201ca la llamativa participaci\u00f3n de una batucada organizada por integrantes de la barra brava de Patronato, conocida por su profesionalismo y por estar hist\u00f3ricamente vinculada a acuerdos pol\u00edticos y econ\u00f3micos con sectores del peronismo\u201d. \u201cEstos grupos no est\u00e1n afiliados a la obra social ni tienen v\u00ednculo real con el debate sobre el sistema de salud. Est\u00e1n ah\u00ed porque alguien los puso, y eso enturbia cualquier reclamo genuino\u201d, destac\u00f3.<\/p>\n\n\n\n<p>Lena record\u00f3 que no es la primera vez que estos grupos son utilizados con fines pol\u00edticos. \u201cHace no mucho los vimos protagonizar incidentes en la marcha de los jubilados. Y ahora los vemos otra vez, como fuerza de choque en una protesta que deber\u00eda ser pac\u00edfica y democr\u00e1tica.\u201d<\/p>\n\n\n\n<p>\u201cTodos tenemos derecho a protestar y a expresar nuestras posiciones, pero recurrir a barras bravas para generar intimidaci\u00f3n o mostrar una fuerza artificial no s\u00f3lo le hace da\u00f1o al reclamo, sino que revela intereses que nada tienen que ver con la defensa de la salud de los trabajadores. Es momento de preguntarnos qu\u00e9 se est\u00e1 defendiendo en realidad: \u00bfuna obra social o un sistema de privilegios enquistados?\u201d, finaliz\u00f3.<\/p>\n","protected":false},"excerpt":{"rendered":"<p>La legisladora provincial de Juntos por Entre R&iacute;os, Gabriela Lena, manifest&ntilde;o su preocupaci&oacute;n por la utilizaci&oacute;n de barras bravas en la marcha impulsada por la Intersindical en rechazo al proyecto de reforma del IOSPER. &ldquo;Nos preocupa seriamente que detr&aacute;s de una movilizaci&oacute;n que deber&iacute;a expresar leg&iacute;timamente el reclamo de los trabajadores se utilicen mecanismos extorsivos [&hellip;]<\/p>\n","protected":false},"author":2,"featured_media":13283,"comment_status":"open","ping_status":"open","sticky":false,"template":"","format":"standard","meta":{"footnotes":""},"categories":[11,4],"tags":[5177,5178,1639,779,329,233],"class_list":["post-13282","post","type-post","status-publish","format-standard","has-post-thumbnail","hentry","category-politica","category-provinciales","tag-barras","tag-bravas","tag-convocatoria","tag-gabriela-lena","tag-iosper","tag-patronato"],"_links":{"self":[{"href":"https:\/\/impactodenoticias.com.ar\/index.php?rest_route=\/wp\/v2\/posts\/13282","targetHints":{"allow":["GET"]}}],"collection":[{"href":"https:\/\/impactodenoticias.com.ar\/index.php?rest_route=\/wp\/v2\/posts"}],"about":[{"href":"https:\/\/impactodenoticias.com.ar\/index.php?rest_route=\/wp\/v2\/types\/post"}],"author":[{"embeddable":true,"href":"https:\/\/impactodenoticias.com.ar\/index.php?rest_route=\/wp\/v2\/users\/2"}],"replies":[{"embeddable":true,"href":"https:\/\/impactodenoticias.com.ar\/index.php?rest_route=%2Fwp%2Fv2%2Fcomments&post=13282"}],"version-history":[{"count":1,"href":"https:\/\/impactodenoticias.com.ar\/index.php?rest_route=\/wp\/v2\/posts\/13282\/revisions"}],"predecessor-version":[{"id":13284,"href":"https:\/\/impactodenoticias.com.ar\/index.php?rest_route=\/wp\/v2\/posts\/13282\/revisions\/13284"}],"wp:featuredmedia":[{"embeddable":true,"href":"https:\/\/impactodenoticias.com.ar\/index.php?rest_route=\/wp\/v2\/media\/13283"}],"wp:attachment":[{"href":"https:\/\/impactodenoticias.com.ar\/index.php?rest_route=%2Fwp%2Fv2%2Fmedia&parent=13282"}],"wp:term":[{"taxonomy":"category","embeddable":true,"href":"https:\/\/impactodenoticias.com.ar\/index.php?rest_route=%2Fwp%2Fv2%2Fcategories&post=13282"},{"taxonomy":"post_tag","embeddable":true,"href":"https:\/\/impactodenoticias.com.ar\/index.php?rest_route=%2Fwp%2Fv2%2Ftags&post=13282"}],"curies":[{"name":"wp","href":"https:\/\/api.w.org\/{rel}","templated":true}]}}