{"id":13309,"date":"2025-05-14T11:25:58","date_gmt":"2025-05-14T14:25:58","guid":{"rendered":"https:\/\/impactodenoticias.com.ar\/?p=13309"},"modified":"2025-05-15T11:04:48","modified_gmt":"2025-05-15T14:04:48","slug":"victoria-exigen-la-renuncia-de-la-fiscal-y-convocan-a-una-marcha-tras-el-asesinato-de-soledad-andino","status":"publish","type":"post","link":"https:\/\/impactodenoticias.com.ar\/?p=13309","title":{"rendered":"Victoria: exigen la renuncia de la Fiscal y convocan a una marcha tras el asesinato de Soledad Andino"},"content":{"rendered":"\n<h2 class=\"wp-block-heading\">Luego del brutal femicidio de Soledad Andino, organizaciones feministas de Victoria criticaron directamente a la fiscal Flavia Villanueva por inacci\u00f3n ante denuncias previas y convocaron a una marcha para exigir su \u201crenuncia inmediata\u201d.<\/h2>\n\n\n\n<p>Este martes 13 de mayo organizaciones que integran la Asamblea Transfeminista de Victoria se convocaron y expresaron su profundo dolor e indignaci\u00f3n por el feminidio de Soledad Andino: manifestaron sobre la responsabilidad del feminicida, Diego Albornoz, pero adem\u00e1s sobre la inacci\u00f3n y negligencia de la Justicia.<\/p>\n\n\n\n<p>\u00abUna vez m\u00e1s tenemos que lamentar el asesinato de una mujer de nuestra ciudad. Diego Albornoz, el autor es el responsable directo pero sabemos que no podr\u00eda haber concretado el femicidio sin la convivencia y el &#8216;mirar para otro lado&#8217; de la Justicia, apuntaron.<\/p>\n\n\n\n<p>En este contexto, afirmaron que \u00abla Fiscal Flavia Villanueva es la \u00abresponsable\u00bb del feminidio de Soledad. \u00abUna vez m\u00e1s, Villanueva dej\u00f3 pasar las M\u00faltiples denuncias y permiti\u00f3 que esto pasara\u00bb<\/p>\n\n\n\n<p>Debido a esta situaci\u00f3n es que exigieron \u201cla renuncia inmediata de la fiscal Flavia Villanueva por incumplimiento de su funci\u00f3n, por su incompetencia y la connivencia que llev\u00f3 a Sole a la muerte\u201d y exigieron \u201cque se investigue el accionar de Villanueva por haber incumplido sus deberes de funcionarios p\u00fablicos y que no vuelva a ocupar cargos p\u00fablicos\u201d.<\/p>\n\n\n\n<p>El comunicado pone de manifiesto adem\u00e1s, la persistente problem\u00e1tica de la violencia de g\u00e9nero en la ciudad de Victoria. Las organizaciones recordaron que desde 2015 vienen exigiendo la declaraci\u00f3n de la emergencia en violencia de g\u00e9nero en la ciudad, denunciando los feminidios de Noelia y Berenice, que precedieron al de Soledad\u201d.<\/p>\n\n\n\n<p>De este modo, la Asamblea Transfeminista hace un llamado urgente a la Municipalidad de Victoria para que \u00abdestina todo el presupuesto y recursos necesarios para atender esta situaci\u00f3n cr\u00edtica\u00bb.<\/p>\n\n\n\n<p>Como medida de protesta y en reclamo de justicia, convocaron a una marcha que se iniciar\u00e1 en la Plaza San Mart\u00edn este jueves 15 de mayo a las 10 de la ma\u00f1ana y destacaron: \u201cLa movilizaci\u00f3n se mantendr\u00e1 hasta que se haga justicia por Soledad y se concreta la renuncia de la fiscal Villanueva\u201d.<\/p>\n\n\n\n<p class=\"has-medium-font-size\"><strong>El documento fue rubricado por las siguientes organizaciones:<\/strong><\/p>\n\n\n\n<p>Asociaci\u00f3n Madres Protectoras.<\/p>\n\n\n\n<p>FOL (Frente de Organizaciones en Lucha)<\/p>\n\n\n\n<p>\u00d0\u00a1\u00d0\u00a2\u00d0<\/p>\n\n\n\n<p>Asociaci\u00f3n Civil TALLER FLOTANTE<\/p>\n\n\n\n<p>R\u00edo Feminista<\/p>\n\n\n\n<p>Fuerzas de la Tierra<\/p>\n\n\n\n<p>Orilleras<\/p>\n\n\n\n<p>Diversidad<\/p>\n\n\n\n<p>Mujeres y disidencias en lucha<\/p>\n\n\n\n<p>Vecinxs autoconvocadxs de Victoria.<\/p>\n\n\n\n<p><\/p>\n\n\n\n<figure class=\"wp-block-embed is-type-wp-embed is-provider-incrustado wp-block-embed-incrustado\"><div class=\"wp-block-embed__wrapper\">\n<blockquote class=\"wp-embedded-content\" data-secret=\"A6pdxwtDcS\"><a href=\"https:\/\/impactodenoticias.com.ar\/?p=13306\">Fiscales explicaron su actuaci\u00f3n en la causa que dej\u00f3 libre al asesino de Soledad Andino en Victoria<\/a><\/blockquote><iframe loading=\"lazy\" class=\"wp-embedded-content\" sandbox=\"allow-scripts\" security=\"restricted\" style=\"position: absolute; visibility: hidden;\" title=\"\u00abFiscales explicaron su actuaci\u00f3n en la causa que dej\u00f3 libre al asesino de Soledad Andino en Victoria\u00bb \u2014 \" src=\"https:\/\/impactodenoticias.com.ar\/?p=13306&#038;embed=true#?secret=Ll30znJ7k8#?secret=A6pdxwtDcS\" data-secret=\"A6pdxwtDcS\" width=\"600\" height=\"338\" frameborder=\"0\" marginwidth=\"0\" marginheight=\"0\" scrolling=\"no\"><\/iframe>\n<\/div><\/figure>\n\n\n\n<p><\/p>\n\n\n\n<p><\/p>\n","protected":false},"excerpt":{"rendered":"<p>Luego del brutal femicidio de Soledad Andino, organizaciones feministas de Victoria criticaron directamente a la fiscal Flavia Villanueva por inacci&oacute;n ante denuncias previas y convocaron a una marcha para exigir su &ldquo;renuncia inmediata&rdquo;. Este martes 13 de mayo organizaciones que integran la Asamblea Transfeminista de Victoria se convocaron y expresaron su profundo dolor e indignaci&oacute;n [&hellip;]<\/p>\n","protected":false},"author":2,"featured_media":13310,"comment_status":"open","ping_status":"open","sticky":false,"template":"","format":"standard","meta":{"footnotes":""},"categories":[90,8,4],"tags":[5195,2757,417,5192,5194,1422,5188,568],"class_list":["post-13309","post","type-post","status-publish","format-standard","has-post-thumbnail","hentry","category-judicial","category-policiales","category-provinciales","tag-diego-albprnoz","tag-exigen","tag-fiscal","tag-flavia-villanueva","tag-organizaciones","tag-renuncia","tag-soledad-andino","tag-victoria"],"_links":{"self":[{"href":"https:\/\/impactodenoticias.com.ar\/index.php?rest_route=\/wp\/v2\/posts\/13309","targetHints":{"allow":["GET"]}}],"collection":[{"href":"https:\/\/impactodenoticias.com.ar\/index.php?rest_route=\/wp\/v2\/posts"}],"about":[{"href":"https:\/\/impactodenoticias.com.ar\/index.php?rest_route=\/wp\/v2\/types\/post"}],"author":[{"embeddable":true,"href":"https:\/\/impactodenoticias.com.ar\/index.php?rest_route=\/wp\/v2\/users\/2"}],"replies":[{"embeddable":true,"href":"https:\/\/impactodenoticias.com.ar\/index.php?rest_route=%2Fwp%2Fv2%2Fcomments&post=13309"}],"version-history":[{"count":1,"href":"https:\/\/impactodenoticias.com.ar\/index.php?rest_route=\/wp\/v2\/posts\/13309\/revisions"}],"predecessor-version":[{"id":13311,"href":"https:\/\/impactodenoticias.com.ar\/index.php?rest_route=\/wp\/v2\/posts\/13309\/revisions\/13311"}],"wp:featuredmedia":[{"embeddable":true,"href":"https:\/\/impactodenoticias.com.ar\/index.php?rest_route=\/wp\/v2\/media\/13310"}],"wp:attachment":[{"href":"https:\/\/impactodenoticias.com.ar\/index.php?rest_route=%2Fwp%2Fv2%2Fmedia&parent=13309"}],"wp:term":[{"taxonomy":"category","embeddable":true,"href":"https:\/\/impactodenoticias.com.ar\/index.php?rest_route=%2Fwp%2Fv2%2Fcategories&post=13309"},{"taxonomy":"post_tag","embeddable":true,"href":"https:\/\/impactodenoticias.com.ar\/index.php?rest_route=%2Fwp%2Fv2%2Ftags&post=13309"}],"curies":[{"name":"wp","href":"https:\/\/api.w.org\/{rel}","templated":true}]}}