{"id":1333,"date":"2024-07-20T11:12:07","date_gmt":"2024-07-20T14:12:07","guid":{"rendered":"https:\/\/impactodenoticias.com.ar\/?p=1333"},"modified":"2024-07-20T11:12:08","modified_gmt":"2024-07-20T14:12:08","slug":"vergonzoso-padres-dejaron-encerrada-a-nina-en-local-de-parana-para-ir-a-tomar-un-cafe","status":"publish","type":"post","link":"https:\/\/impactodenoticias.com.ar\/?p=1333","title":{"rendered":"VERGONZOSO: padres dejaron encerrada a ni\u00f1a en local de Paran\u00e1 para ir a tomar un caf\u00e9"},"content":{"rendered":"\n<p><strong>Una ni\u00f1a se encontraba encerrada llorando y sola en local de ropa en calle Gualeguaych\u00fa de Paran\u00e1. Una mujer que pas\u00f3 caminando advirti\u00f3 la situaci\u00f3n y llam\u00f3 la polic\u00eda. Los padres hab\u00edan salido a tomar un caf\u00e9 y dejaron a la peque\u00f1a durmiendo dentro del local.<\/strong><\/p>\n\n\n\n<p>El lamentable hecho sucedi\u00f3 anoche cuando una menor fue hallada sola y llorando en un local de ropa, ubicado en la intersecci\u00f3n de las calles Gualeguaych\u00fa y 9 de Julio de la cioudad de Paran\u00e1.<\/p>\n\n\n\n<p>Seg\u00fan inform\u00f3 personal de Comisar\u00eda Segunda, a <strong>IMPACTO DE NOTICIAS<\/strong>, una mujer pas\u00f3 por la calle y advirti\u00f3 que una nena se encontraba en el interior del local llorando contra la puerta. El comercio se encontraba con las luces apagadas y la puerta estaba cerrada con llave.<\/p>\n\n\n\n<p><\/p>\n\n\n\n<iframe src=\"https:\/\/www.google.com\/maps\/embed?pb=!1m18!1m12!1m3!1d3393.238515783018!2d-60.53178492437981!3d-31.73668997411566!2m3!1f0!2f0!3f0!3m2!1i1024!2i768!4f13.1!3m3!1m2!1s0x95b44d8757383e0d%3A0x5b1a90961b194999!2sGualeguaychu%20-%209%20de%20Julio!5e0!3m2!1ses!2sar!4v1721484309263!5m2!1ses!2sar\" width=\"600\" height=\"450\" style=\"border:0;\" allowfullscreen=\"\" loading=\"lazy\" referrerpolicy=\"no-referrer-when-downgrade\"><\/iframe>\n\n\n\n<p>Poco despu\u00e9s de la llegada de la polic\u00eda, los padres de la ni\u00f1a (de nacionalidad boliviana) se presentaron en el lugar. Seg\u00fan explicaron, residen en el local y hab\u00edan salido brevemente a tomar un caf\u00e9, dejando a la menor durmiendo. Los padres afirmaron que esta situaci\u00f3n no se repetir\u00e1 y expresaron su compromiso de garantizar la seguridad de su hija en todo momento. No se dio intervenci\u00f3n al Copnaf.<\/p>\n","protected":false},"excerpt":{"rendered":"<p>Una ni&ntilde;a se encontraba encerrada llorando y sola en local de ropa en calle Gualeguaych&uacute; de Paran&aacute;. Una mujer que pas&oacute; caminando advirti&oacute; la situaci&oacute;n y llam&oacute; la polic&iacute;a. Los padres hab&iacute;an salido a tomar un caf&eacute; y dejaron a la peque&ntilde;a durmiendo dentro del local. El lamentable hecho sucedi&oacute; anoche cuando una menor fue [&hellip;]<\/p>\n","protected":false},"author":2,"featured_media":1334,"comment_status":"open","ping_status":"open","sticky":false,"template":"","format":"standard","meta":{"footnotes":""},"categories":[3,8],"tags":[670,667,567,666,95],"class_list":["post-1333","post","type-post","status-publish","format-standard","has-post-thumbnail","hentry","category-locales","category-policiales","tag-cafe","tag-encerrada","tag-local","tag-nina","tag-parana"],"_links":{"self":[{"href":"https:\/\/impactodenoticias.com.ar\/index.php?rest_route=\/wp\/v2\/posts\/1333","targetHints":{"allow":["GET"]}}],"collection":[{"href":"https:\/\/impactodenoticias.com.ar\/index.php?rest_route=\/wp\/v2\/posts"}],"about":[{"href":"https:\/\/impactodenoticias.com.ar\/index.php?rest_route=\/wp\/v2\/types\/post"}],"author":[{"embeddable":true,"href":"https:\/\/impactodenoticias.com.ar\/index.php?rest_route=\/wp\/v2\/users\/2"}],"replies":[{"embeddable":true,"href":"https:\/\/impactodenoticias.com.ar\/index.php?rest_route=%2Fwp%2Fv2%2Fcomments&post=1333"}],"version-history":[{"count":1,"href":"https:\/\/impactodenoticias.com.ar\/index.php?rest_route=\/wp\/v2\/posts\/1333\/revisions"}],"predecessor-version":[{"id":1335,"href":"https:\/\/impactodenoticias.com.ar\/index.php?rest_route=\/wp\/v2\/posts\/1333\/revisions\/1335"}],"wp:featuredmedia":[{"embeddable":true,"href":"https:\/\/impactodenoticias.com.ar\/index.php?rest_route=\/wp\/v2\/media\/1334"}],"wp:attachment":[{"href":"https:\/\/impactodenoticias.com.ar\/index.php?rest_route=%2Fwp%2Fv2%2Fmedia&parent=1333"}],"wp:term":[{"taxonomy":"category","embeddable":true,"href":"https:\/\/impactodenoticias.com.ar\/index.php?rest_route=%2Fwp%2Fv2%2Fcategories&post=1333"},{"taxonomy":"post_tag","embeddable":true,"href":"https:\/\/impactodenoticias.com.ar\/index.php?rest_route=%2Fwp%2Fv2%2Ftags&post=1333"}],"curies":[{"name":"wp","href":"https:\/\/api.w.org\/{rel}","templated":true}]}}