{"id":13354,"date":"2025-05-16T18:11:36","date_gmt":"2025-05-16T21:11:36","guid":{"rendered":"https:\/\/impactodenoticias.com.ar\/?p=13354"},"modified":"2025-05-17T11:03:49","modified_gmt":"2025-05-17T14:03:49","slug":"uruguay-exploto-una-caldera-en-upm-ii-y-expuso-al-personal-de-la-planta-a-productos-quimicos","status":"publish","type":"post","link":"https:\/\/impactodenoticias.com.ar\/?p=13354","title":{"rendered":"Uruguay: explot\u00f3 una caldera en UPM II y expuso al personal de la planta a productos qu\u00edmicos"},"content":{"rendered":"\n<h2 class=\"wp-block-heading\">En principio no se registraron personal herido, pero la explosi\u00f3n gener\u00f3 que algunos operarios que estaban trabajando en el lugar fueran alcanzados por un l\u00edquido negro.<\/h2>\n\n\n\n<p>Gran preocupac\u00f3n en la Rep\u00fablica Oriental del Uruguay a ra\u00edz de un nuevo incidente dentro de la planta de celulosa de papel UPM II, ubicada en Pueblo Centenario, sobre el r\u00edo Negro.<\/p>\n\n\n\n<p>De acuerdo a los primeros datos obtenido por medios locales, el siniestro ocurri\u00f3 alrededor de las 17 del jueves, en medio de tareas de mantenimiento en la planta, lugar donde trabajan varias personas oriundas de Fray Bentos, ubicado frente a la ciudad argentina Gualeguaych\u00fa.<\/p>\n\n\n\n<p>La explosi\u00f3n de una caldera de recuperaci\u00f3n habr\u00eda originado el accidente que, si bien no dej\u00f3 en principio personas heridas, s\u00ed provoc\u00f3 que algunos operarios que estaban trabajando en el lugar fueran alcanzados por un l\u00edquido negro, presumiblemente un producto qu\u00edmico, desconociendo las consecuencias cl\u00ednicas que esta situaci\u00f3n podr\u00eda provocar en la piel.<\/p>\n\n\n\n<p>A trav\u00e9s de un comunicado , UPM confirm\u00f3 de forma oficial que se produjo una \u201cp\u00e9rdida por una junta de la l\u00ednea de fibra de la planta Paso de los Toros, mientras se realizaba una maniobra de reinicio del proceso, luego de un disturbio el\u00e9ctrico de la red de UTE (Usinas y Trasmisiones El\u00e9ctricos)\u201d.<\/p>\n\n\n\n<p>Seg\u00fan precisaron desde la compa\u00f1\u00eda, esta situaci\u00f3n provoc\u00f3 el escape de vapor y salpicaduras de l\u00edquido con qu\u00edmicos del proceso. Personal de una empresa contratista, que se encontraba desempe\u00f1ando en el \u00e1rea y fue alcanzado por las salpicaduras, recibi\u00f3 asistencia en el lugar y se encuentra en buen estado de salud. Una de ellas fue derivada a un sanatorio local para evaluaci\u00f3n oftalmol\u00f3gica.<\/p>\n\n\n\n<p>\u201cEl evento fue r\u00e1pidamente controlado y el l\u00edquido contenido en el \u00e1rea de proceso, sin generar impactos en el ambiente\u201d, seg\u00fan la versi\u00f3n de UPM.<\/p>\n\n\n\n<p>Mientras que los trabajadores de Fray Bentos, que est\u00e1n en la planta de UPM 2, fueron velozmente derivados a un lugar apartado, sin heridas de gravedad. No obstante, ser\u00e1n evaluados ante posibles reacciones al\u00e9rgicas que puede causar la exposici\u00f3n eventual al producto qu\u00edmico, dijeron sus familiares.<\/p>\n","protected":false},"excerpt":{"rendered":"<p>En principio no se registraron personal herido, pero la explosi&oacute;n gener&oacute; que algunos operarios que estaban trabajando en el lugar fueran alcanzados por un l&iacute;quido negro. Gran preocupac&oacute;n en la Rep&uacute;blica Oriental del Uruguay a ra&iacute;z de un nuevo incidente dentro de la planta de celulosa de papel UPM II, ubicada en Pueblo Centenario, sobre [&hellip;]<\/p>\n","protected":false},"author":2,"featured_media":13355,"comment_status":"open","ping_status":"open","sticky":false,"template":"","format":"standard","meta":{"footnotes":""},"categories":[8,49],"tags":[392,4294,2905,280,5213,4783,524],"class_list":["post-13354","post","type-post","status-publish","format-standard","has-post-thumbnail","hentry","category-policiales","category-sociedad","tag-caldera","tag-exploto","tag-fray-bentos","tag-gualeguaychu","tag-pueblo-centenario","tag-upm","tag-uruguay"],"_links":{"self":[{"href":"https:\/\/impactodenoticias.com.ar\/index.php?rest_route=\/wp\/v2\/posts\/13354","targetHints":{"allow":["GET"]}}],"collection":[{"href":"https:\/\/impactodenoticias.com.ar\/index.php?rest_route=\/wp\/v2\/posts"}],"about":[{"href":"https:\/\/impactodenoticias.com.ar\/index.php?rest_route=\/wp\/v2\/types\/post"}],"author":[{"embeddable":true,"href":"https:\/\/impactodenoticias.com.ar\/index.php?rest_route=\/wp\/v2\/users\/2"}],"replies":[{"embeddable":true,"href":"https:\/\/impactodenoticias.com.ar\/index.php?rest_route=%2Fwp%2Fv2%2Fcomments&post=13354"}],"version-history":[{"count":1,"href":"https:\/\/impactodenoticias.com.ar\/index.php?rest_route=\/wp\/v2\/posts\/13354\/revisions"}],"predecessor-version":[{"id":13356,"href":"https:\/\/impactodenoticias.com.ar\/index.php?rest_route=\/wp\/v2\/posts\/13354\/revisions\/13356"}],"wp:featuredmedia":[{"embeddable":true,"href":"https:\/\/impactodenoticias.com.ar\/index.php?rest_route=\/wp\/v2\/media\/13355"}],"wp:attachment":[{"href":"https:\/\/impactodenoticias.com.ar\/index.php?rest_route=%2Fwp%2Fv2%2Fmedia&parent=13354"}],"wp:term":[{"taxonomy":"category","embeddable":true,"href":"https:\/\/impactodenoticias.com.ar\/index.php?rest_route=%2Fwp%2Fv2%2Fcategories&post=13354"},{"taxonomy":"post_tag","embeddable":true,"href":"https:\/\/impactodenoticias.com.ar\/index.php?rest_route=%2Fwp%2Fv2%2Ftags&post=13354"}],"curies":[{"name":"wp","href":"https:\/\/api.w.org\/{rel}","templated":true}]}}