{"id":13357,"date":"2025-05-16T18:18:49","date_gmt":"2025-05-16T21:18:49","guid":{"rendered":"https:\/\/impactodenoticias.com.ar\/?p=13357"},"modified":"2025-05-17T11:03:44","modified_gmt":"2025-05-17T14:03:44","slug":"parana-nueva-convocatoria-para-puestos-en-los-mercados-de-la-ciudad","status":"publish","type":"post","link":"https:\/\/impactodenoticias.com.ar\/?p=13357","title":{"rendered":"Paran\u00e1: nueva convocatoria para puestos en los mercados de la ciudad"},"content":{"rendered":"\n<h2 class=\"wp-block-heading\">Hasta el 23 de mayo los emprendedores paranaenses se podr\u00e1n inscribir para acceder a la adjudicaci\u00f3n de locales en los mercados de Salta y Nogoy\u00e1, Mercado Sud, y Per\u00fa 38. Se priorizar\u00e1n los proyectos asociativos que ofrezcan elaboraci\u00f3n propia de productos alimenticios, con antecedentes acreditados en la actividad y consistencia en la propuesta comercial.<\/h2>\n\n\n\n<p>Los interesados deben presentar sus proyectos conforme los par\u00e1metros de la Ordenanza N\u00b0 10.034. Deber\u00e1n cumplimentar los siguientes requisitos: adjuntar el proyecto o propuesta comercial conforme el formulario establecido por la Subsecretar\u00eda de Producci\u00f3n de la Secretar\u00eda de Hacienda y Producci\u00f3n de la Municipalidad: <a href=\"http:\/\/docs.google.com\/document\/d\/1cypaBiXTRFzrwHXbfOUSCCRIYCC-ogEx\/edit#heading=h.gjdgxs\">http:\/\/docs.google.com\/document\/d\/1cypaBiXTRFzrwHXbfOUSCCRIYCC-ogEx\/edit#heading=h.gjdgxs<\/a><\/p>\n\n\n\n<p>-Copia de DNI<\/p>\n\n\n\n<p>-Certificado de Antecedentes penales<\/p>\n\n\n\n<p>-Antecedentes laborales y\/o comerciales que avalan la postulaci\u00f3n del proyecto<\/p>\n\n\n\n<p>-Cumplir los dem\u00e1s requisitos formales dispuestos por la Ordenanza N\u00b0 10.034.<\/p>\n\n\n\n<p>Los interesados tienen tiempo hasta el 23 de mayo para presentar sus proyectos impresos en Mesa de Entradas de la Subsecretar\u00eda de Producci\u00f3n, Per\u00f3n 573, en el horario de 7.30 a 12.30.<\/p>\n","protected":false},"excerpt":{"rendered":"<p>Hasta el 23 de mayo los emprendedores paranaenses se podr&aacute;n inscribir para acceder a la adjudicaci&oacute;n de locales en los mercados de Salta y Nogoy&aacute;, Mercado Sud, y Per&uacute; 38. Se priorizar&aacute;n los proyectos asociativos que ofrezcan elaboraci&oacute;n propia de productos alimenticios, con antecedentes acreditados en la actividad y consistencia en la propuesta comercial. Los [&hellip;]<\/p>\n","protected":false},"author":2,"featured_media":13358,"comment_status":"open","ping_status":"open","sticky":false,"template":"","format":"standard","meta":{"footnotes":""},"categories":[3,1902],"tags":[1639,1638,95,1640],"class_list":["post-13357","post","type-post","status-publish","format-standard","has-post-thumbnail","hentry","category-locales","category-municipales","tag-convocatoria","tag-mercados","tag-parana","tag-puestos"],"_links":{"self":[{"href":"https:\/\/impactodenoticias.com.ar\/index.php?rest_route=\/wp\/v2\/posts\/13357","targetHints":{"allow":["GET"]}}],"collection":[{"href":"https:\/\/impactodenoticias.com.ar\/index.php?rest_route=\/wp\/v2\/posts"}],"about":[{"href":"https:\/\/impactodenoticias.com.ar\/index.php?rest_route=\/wp\/v2\/types\/post"}],"author":[{"embeddable":true,"href":"https:\/\/impactodenoticias.com.ar\/index.php?rest_route=\/wp\/v2\/users\/2"}],"replies":[{"embeddable":true,"href":"https:\/\/impactodenoticias.com.ar\/index.php?rest_route=%2Fwp%2Fv2%2Fcomments&post=13357"}],"version-history":[{"count":1,"href":"https:\/\/impactodenoticias.com.ar\/index.php?rest_route=\/wp\/v2\/posts\/13357\/revisions"}],"predecessor-version":[{"id":13359,"href":"https:\/\/impactodenoticias.com.ar\/index.php?rest_route=\/wp\/v2\/posts\/13357\/revisions\/13359"}],"wp:featuredmedia":[{"embeddable":true,"href":"https:\/\/impactodenoticias.com.ar\/index.php?rest_route=\/wp\/v2\/media\/13358"}],"wp:attachment":[{"href":"https:\/\/impactodenoticias.com.ar\/index.php?rest_route=%2Fwp%2Fv2%2Fmedia&parent=13357"}],"wp:term":[{"taxonomy":"category","embeddable":true,"href":"https:\/\/impactodenoticias.com.ar\/index.php?rest_route=%2Fwp%2Fv2%2Fcategories&post=13357"},{"taxonomy":"post_tag","embeddable":true,"href":"https:\/\/impactodenoticias.com.ar\/index.php?rest_route=%2Fwp%2Fv2%2Ftags&post=13357"}],"curies":[{"name":"wp","href":"https:\/\/api.w.org\/{rel}","templated":true}]}}