{"id":13364,"date":"2025-05-17T10:52:30","date_gmt":"2025-05-17T13:52:30","guid":{"rendered":"https:\/\/impactodenoticias.com.ar\/?p=13364"},"modified":"2025-05-17T10:52:30","modified_gmt":"2025-05-17T13:52:30","slug":"joven-detenido-y-una-adolescente-demorada-por-tratar-de-impedir-un-procedimiento-policial-en-el-barrio-el-pozo","status":"publish","type":"post","link":"https:\/\/impactodenoticias.com.ar\/?p=13364","title":{"rendered":"Joven detenido y una adolescente demorada por tratar de impedir un procedimiento policial en el barrio El Pozo"},"content":{"rendered":"\n<h2 class=\"wp-block-heading\">Los dos jovenes arrestados fueron agresivos con los agentes policiales, que se hicierno presentes en el barrio paranaenses, para realizar un allanamiento. La adolescente intent\u00f3 quitarle la escopeta a un uniformado.<\/h2>\n\n\n\n<p>El personal de la Comisar\u00eda Sexta de Paran\u00e1 efecti\u00f3 el arresto de un joven de 26 a\u00f1os y una adolescente de 16 a\u00f1os en el barrio El Pozo, en medio de un operativo relacionado con un allanamiento autorizado por la Justicia.<\/p>\n\n\n\n<p>Al ingresar al barrio para llevar adelante el operativo, el joven, al percatarse de la presencia policial, trat\u00f3 de darse a la fuga, mostrando una actitud evasiva y agresiva a la vez. Durante su detenci\u00f3n, agredi\u00f3 a uno de los funcionarios policiales. A pesar de la resistencia del detenido, fue demorado apenas a unos metros del lugar.<\/p>\n\n\n\n<p>La situaci\u00f3n escal\u00f3 cuando vecinos de la zona intentaron interferir en el procedimiento policial. Entre ellos se encontraba la adolescente, quien mostr\u00f3 una actitud muy violenta al agredir a una oficial y tratar de manipular una escopeta que estaba en poder del personal policial.<\/p>\n\n\n\n<p>Ante esta situaci\u00f3n, ambos involucrados fueron arrestados. Se dio aviso a la Unidad Fiscal de turno cargo de la Dra. Guzm\u00e1n, quien orden\u00f3 el traslado del joven y la menor de edad a dependencias judiciales correspondientes. Roc\u00edo Torres orden\u00f3 que la adolescente fuera trasladada a la Divisi\u00f3n Minoridad.<\/p>\n","protected":false},"excerpt":{"rendered":"<p>Los dos jovenes arrestados fueron agresivos con los agentes policiales, que se hicierno presentes en el barrio paranaenses, para realizar un allanamiento. La adolescente intent&oacute; quitarle la escopeta a un uniformado. El personal de la Comisar&iacute;a Sexta de Paran&aacute; efecti&oacute; el arresto de un joven de 26 a&ntilde;os y una adolescente de 16 a&ntilde;os en [&hellip;]<\/p>\n","protected":false},"author":2,"featured_media":13365,"comment_status":"open","ping_status":"open","sticky":false,"template":"","format":"standard","meta":{"footnotes":""},"categories":[3,8],"tags":[564,4083,1145,5216,4289,137,95],"class_list":["post-13364","post","type-post","status-publish","format-standard","has-post-thumbnail","hentry","category-locales","category-policiales","tag-adolescente","tag-arrestado","tag-barrio","tag-demorada","tag-el-pozo","tag-joven","tag-parana"],"_links":{"self":[{"href":"https:\/\/impactodenoticias.com.ar\/index.php?rest_route=\/wp\/v2\/posts\/13364","targetHints":{"allow":["GET"]}}],"collection":[{"href":"https:\/\/impactodenoticias.com.ar\/index.php?rest_route=\/wp\/v2\/posts"}],"about":[{"href":"https:\/\/impactodenoticias.com.ar\/index.php?rest_route=\/wp\/v2\/types\/post"}],"author":[{"embeddable":true,"href":"https:\/\/impactodenoticias.com.ar\/index.php?rest_route=\/wp\/v2\/users\/2"}],"replies":[{"embeddable":true,"href":"https:\/\/impactodenoticias.com.ar\/index.php?rest_route=%2Fwp%2Fv2%2Fcomments&post=13364"}],"version-history":[{"count":1,"href":"https:\/\/impactodenoticias.com.ar\/index.php?rest_route=\/wp\/v2\/posts\/13364\/revisions"}],"predecessor-version":[{"id":13366,"href":"https:\/\/impactodenoticias.com.ar\/index.php?rest_route=\/wp\/v2\/posts\/13364\/revisions\/13366"}],"wp:featuredmedia":[{"embeddable":true,"href":"https:\/\/impactodenoticias.com.ar\/index.php?rest_route=\/wp\/v2\/media\/13365"}],"wp:attachment":[{"href":"https:\/\/impactodenoticias.com.ar\/index.php?rest_route=%2Fwp%2Fv2%2Fmedia&parent=13364"}],"wp:term":[{"taxonomy":"category","embeddable":true,"href":"https:\/\/impactodenoticias.com.ar\/index.php?rest_route=%2Fwp%2Fv2%2Fcategories&post=13364"},{"taxonomy":"post_tag","embeddable":true,"href":"https:\/\/impactodenoticias.com.ar\/index.php?rest_route=%2Fwp%2Fv2%2Ftags&post=13364"}],"curies":[{"name":"wp","href":"https:\/\/api.w.org\/{rel}","templated":true}]}}