{"id":13381,"date":"2025-05-17T18:37:41","date_gmt":"2025-05-17T21:37:41","guid":{"rendered":"https:\/\/impactodenoticias.com.ar\/?p=13381"},"modified":"2025-05-19T09:51:15","modified_gmt":"2025-05-19T12:51:15","slug":"a-los-corruptos-se-les-esta-viniendo-la-noche-senalo-frigerio","status":"publish","type":"post","link":"https:\/\/impactodenoticias.com.ar\/?p=13381","title":{"rendered":"\u201cA los corruptos se les est\u00e1 viniendo la noche\u201d, se\u00f1al\u00f3 Frigerio"},"content":{"rendered":"\n<h2 class=\"wp-block-heading\">Por medio de sus redes sociales, el gobernador de Entre R\u00edos se hizo referencia a la situaci\u00f3n del IOSPER y destac\u00f3 que \u201cla obra social es de los afiliados, no de las corporaciones\u201d.<\/h2>\n\n\n\n<p>En un posteo en su cuenta oficial de X, el gobernador Rogelio Frigerio remarc\u00f3 que \u201cse termina el negocio con la salud de los trabajadores p\u00fablicos entrerrianos\u201d y agreg\u00f3 que \u201cla obra social es de los afiliados, no de las corporaciones\u201d.<\/p>\n\n\n\n<p><\/p>\n\n\n\n<blockquote class=\"twitter-tweet\"><p lang=\"es\" dir=\"ltr\">SE TERMINA EL NEGOCIO CON LA SALUD DE LOS TRABAJADORES P\u00daBLICOS ENTRERRIANOS<br><br>Durante a\u00f1os, miraron para otro lado mientras se fund\u00eda la obra social de los trabajadores entrerrianos.<br><br>Hoy, frente a quienes defienden privilegios, dejamos algo en claro:<br>no vinimos a sostener lo que\u2026 <a href=\"https:\/\/t.co\/5PO8nz9bv6\">pic.twitter.com\/5PO8nz9bv6<\/a><\/p>&mdash; Rogelio Frigerio (@frigeriorogelio) <a href=\"https:\/\/twitter.com\/frigeriorogelio\/status\/1923510135944556648?ref_src=twsrc%5Etfw\">May 16, 2025<\/a><\/blockquote> <script async src=\"https:\/\/platform.twitter.com\/widgets.js\" charset=\"utf-8\"><\/script>\n\n\n\n<p><\/p>\n\n\n\n<p>Al respecto, mencion\u00f3 que \u201cno pod\u00edamos seguir permitiendo tener un directorio de 7 miembros con sueldos de 16 millones de pesos, chofer y secretaria\u201d, ya que \u201cni en una multinacional ganan eso\u201d.<\/p>\n\n\n\n<p>Y agreg\u00f3 que \u201ca los corruptos, a los que vivieron de privilegios durante much\u00edsimo tiempo, se les est\u00e1 viniendo la noche\u201d y admiti\u00f3 que \u201cno voy a aflojar ante los escraches, los aprietes, los insultos y las acusaciones falsas\u201d, porque \u201cno podemos seguir mirando para otro lado cuando vemos que unos chorros se quedan con los recursos de todos, tenemos que actuar, nos votaron para eso\u201d.<\/p>\n\n\n\n<p>Aprovech\u00f3 para apuntar que \u201csiempre va a haber sectores que no quieren perder los privilegios\u201d, pero \u201cnosotros tenemos que estar juntos, unidos, peleando para que las cosas vuelvan a donde tienen que ir, vuelvan a la gente. Sacarle -los privilegios- a esos vivos que durante d\u00e9cadas se han quedado con lo que es de todos. Se termin\u00f3, a esa provincia no la queremos m\u00e1s\u201d, acot\u00f3.<\/p>\n\n\n\n<p>De acuerdo a sus dichos, \u201cdurante a\u00f1os miraron para otro lado mientras se fund\u00eda la obra social de los trabajadores entrerrianos\u201d, pero \u201cno vinimos a sostener lo que estaba mal, vinimos a cambiarlo de ra\u00edz\u201d, por lo que \u201ccon la nueva ley, vamos a terminar con los sueldos millonarios, los sobreprecios, los abusos y la corrupci\u00f3n\u201d.<\/p>\n","protected":false},"excerpt":{"rendered":"<p>Por medio de sus redes sociales, el gobernador de Entre R&iacute;os se hizo referencia a la situaci&oacute;n del IOSPER y destac&oacute; que &ldquo;la obra social es de los afiliados, no de las corporaciones&rdquo;. En un posteo en su cuenta oficial de X, el gobernador Rogelio Frigerio remarc&oacute; que &ldquo;se termina el negocio con la salud [&hellip;]<\/p>\n","protected":false},"author":2,"featured_media":13382,"comment_status":"open","ping_status":"open","sticky":false,"template":"","format":"standard","meta":{"footnotes":""},"categories":[11,4],"tags":[5224,329,39],"class_list":["post-13381","post","type-post","status-publish","format-standard","has-post-thumbnail","hentry","category-politica","category-provinciales","tag-corruptos","tag-iosper","tag-rogelio-frigerio"],"_links":{"self":[{"href":"https:\/\/impactodenoticias.com.ar\/index.php?rest_route=\/wp\/v2\/posts\/13381","targetHints":{"allow":["GET"]}}],"collection":[{"href":"https:\/\/impactodenoticias.com.ar\/index.php?rest_route=\/wp\/v2\/posts"}],"about":[{"href":"https:\/\/impactodenoticias.com.ar\/index.php?rest_route=\/wp\/v2\/types\/post"}],"author":[{"embeddable":true,"href":"https:\/\/impactodenoticias.com.ar\/index.php?rest_route=\/wp\/v2\/users\/2"}],"replies":[{"embeddable":true,"href":"https:\/\/impactodenoticias.com.ar\/index.php?rest_route=%2Fwp%2Fv2%2Fcomments&post=13381"}],"version-history":[{"count":1,"href":"https:\/\/impactodenoticias.com.ar\/index.php?rest_route=\/wp\/v2\/posts\/13381\/revisions"}],"predecessor-version":[{"id":13383,"href":"https:\/\/impactodenoticias.com.ar\/index.php?rest_route=\/wp\/v2\/posts\/13381\/revisions\/13383"}],"wp:featuredmedia":[{"embeddable":true,"href":"https:\/\/impactodenoticias.com.ar\/index.php?rest_route=\/wp\/v2\/media\/13382"}],"wp:attachment":[{"href":"https:\/\/impactodenoticias.com.ar\/index.php?rest_route=%2Fwp%2Fv2%2Fmedia&parent=13381"}],"wp:term":[{"taxonomy":"category","embeddable":true,"href":"https:\/\/impactodenoticias.com.ar\/index.php?rest_route=%2Fwp%2Fv2%2Fcategories&post=13381"},{"taxonomy":"post_tag","embeddable":true,"href":"https:\/\/impactodenoticias.com.ar\/index.php?rest_route=%2Fwp%2Fv2%2Ftags&post=13381"}],"curies":[{"name":"wp","href":"https:\/\/api.w.org\/{rel}","templated":true}]}}