{"id":13394,"date":"2025-05-18T08:51:52","date_gmt":"2025-05-18T11:51:52","guid":{"rendered":"https:\/\/impactodenoticias.com.ar\/?p=13394"},"modified":"2025-05-19T09:51:01","modified_gmt":"2025-05-19T12:51:01","slug":"iosper-se-la-llevaron-toda-senalo-troncoso-a-dirigente-de-agmer-en-concordia","status":"publish","type":"post","link":"https:\/\/impactodenoticias.com.ar\/?p=13394","title":{"rendered":"IOSPER: \u201cSe la llevaron toda\u201d, se\u00f1al\u00f3 Troncoso a dirigente de Agmer en Concordia"},"content":{"rendered":"\n<h2 class=\"wp-block-heading\">Durante una actividad llevada a cabo este viernes en el Club Social y Deportivo La Bianca de Concordia, el ministro de Gobierno y Trabajo de Entre R\u00edos, Manuel Troncoso, protagoniz\u00f3 un fuerte cruce con representantes de la seccional local de la Asociaci\u00f3n Gremial del Magisterio de Entre R\u00edos (Agmer).<\/h2>\n\n\n\n<p>En medio de las declaraciones a la prensa, Troncoso interrumpi\u00f3 su alocuci\u00f3n para contestar fuertemente a la secretaria adjunta de Agmer Concordia, Mar\u00eda Jos\u00e9 Chapitel: \u201cSe la llevaron toda\u201d, apunt\u00f3 el funcionario, molesto por las intervenciones de la gremialista.<\/p>\n\n\n\n<p>El intercambio se produjo cuando los dirigentes gremiales interrumpieron al ministro por la intervenci\u00f3n del Instituto Obra Social de la Provincia de Entre R\u00edos (IOSPER), dispuesta por el Poder Ejecutivo en diciembre de 2024. \u201cEst\u00e1n vaciando la obra social con el Gobierno y la intervenci\u00f3n\u201d, manifestaron los sindicalistas.<\/p>\n\n\n\n<p>Troncoso no esquiv\u00f3 la acusaci\u00f3n y respondi\u00f3: \u201cUstedes vaciaron la obra social con salarios millonarios y tienen que hacerse responsables. Yo estoy dando una entrevista. Usted es una maleducada, porque se la llevaron toda\u201d, dispar\u00f3.<\/p>\n\n\n\n<p>Esta situaci\u00f3n genera mayore tensi\u00f3n en la relaci\u00f3n entre el Gobierno provincial y el gremio mayoritario docente, en un contexto de escalada en la conflictividad por la situaci\u00f3n del sistema de salud de los trabajadores estatales.<\/p>\n","protected":false},"excerpt":{"rendered":"<p>Durante una actividad llevada a cabo este viernes en el Club Social y Deportivo La Bianca de Concordia, el ministro de Gobierno y Trabajo de Entre R&iacute;os, Manuel Troncoso, protagoniz&oacute; un fuerte cruce con representantes de la seccional local de la Asociaci&oacute;n Gremial del Magisterio de Entre R&iacute;os (Agmer). En medio de las declaraciones a [&hellip;]<\/p>\n","protected":false},"author":2,"featured_media":13395,"comment_status":"open","ping_status":"open","sticky":false,"template":"","format":"standard","meta":{"footnotes":""},"categories":[91,11,4],"tags":[52,72,329,332,5229],"class_list":["post-13394","post","type-post","status-publish","format-standard","has-post-thumbnail","hentry","category-gremiales","category-politica","category-provinciales","tag-agmer","tag-concordia","tag-iosper","tag-manuel-troncoso","tag-maria-jose-chapitel"],"_links":{"self":[{"href":"https:\/\/impactodenoticias.com.ar\/index.php?rest_route=\/wp\/v2\/posts\/13394","targetHints":{"allow":["GET"]}}],"collection":[{"href":"https:\/\/impactodenoticias.com.ar\/index.php?rest_route=\/wp\/v2\/posts"}],"about":[{"href":"https:\/\/impactodenoticias.com.ar\/index.php?rest_route=\/wp\/v2\/types\/post"}],"author":[{"embeddable":true,"href":"https:\/\/impactodenoticias.com.ar\/index.php?rest_route=\/wp\/v2\/users\/2"}],"replies":[{"embeddable":true,"href":"https:\/\/impactodenoticias.com.ar\/index.php?rest_route=%2Fwp%2Fv2%2Fcomments&post=13394"}],"version-history":[{"count":1,"href":"https:\/\/impactodenoticias.com.ar\/index.php?rest_route=\/wp\/v2\/posts\/13394\/revisions"}],"predecessor-version":[{"id":13396,"href":"https:\/\/impactodenoticias.com.ar\/index.php?rest_route=\/wp\/v2\/posts\/13394\/revisions\/13396"}],"wp:featuredmedia":[{"embeddable":true,"href":"https:\/\/impactodenoticias.com.ar\/index.php?rest_route=\/wp\/v2\/media\/13395"}],"wp:attachment":[{"href":"https:\/\/impactodenoticias.com.ar\/index.php?rest_route=%2Fwp%2Fv2%2Fmedia&parent=13394"}],"wp:term":[{"taxonomy":"category","embeddable":true,"href":"https:\/\/impactodenoticias.com.ar\/index.php?rest_route=%2Fwp%2Fv2%2Fcategories&post=13394"},{"taxonomy":"post_tag","embeddable":true,"href":"https:\/\/impactodenoticias.com.ar\/index.php?rest_route=%2Fwp%2Fv2%2Ftags&post=13394"}],"curies":[{"name":"wp","href":"https:\/\/api.w.org\/{rel}","templated":true}]}}