{"id":13410,"date":"2025-05-19T10:11:30","date_gmt":"2025-05-19T13:11:30","guid":{"rendered":"https:\/\/impactodenoticias.com.ar\/?p=13410"},"modified":"2025-05-20T09:44:39","modified_gmt":"2025-05-20T12:44:39","slug":"santa-fe-mujer-policia-embarazada-recibio-un-tiro-en-la-cabeza-y-dio-a-luz-mientras-estaba-siendo-operada","status":"publish","type":"post","link":"https:\/\/impactodenoticias.com.ar\/?p=13410","title":{"rendered":"Santa F\u00e9: mujer polic\u00eda embarazada recibi\u00f3 un tiro en la cabeza y dio a luz mientras estaba siendo operada"},"content":{"rendered":"\n<h2 class=\"wp-block-heading\">Una joven polic\u00eda de 21 a\u00f1os, embarazada de ocho meses fue baleada en la cabeza por su pareja en su casa en Coronda, Santa Fe. Sobrevivi\u00f3 a una cirug\u00eda de urgencia y dio a luz en el hospital mientras era intervenida quir\u00fargicamente. Su beb\u00e9 naci\u00f3 sano y ella se encuentra en terapia intensiva.<\/h2>\n\n\n\n<p>El brutal hecho sucedi\u00f3 en la noche del domingo, en una vivienda ubicada en Laguna Paiva al 1100, en la ciudad de Coronda. De acuerdo a la informaron brindada por fuentes policiales y judiciales, la joven estaba en su casa junto a su pareja, que tambi\u00e9n es integrante de la Polic\u00eda de Santa Fe identificado con las iniciales B. A., quien presta servicio en la Brigada de Orden Urbano (BOU) de Rosario.<\/p>\n\n\n\n<p>Seg\u00fan el informe preliminar, el propio polic\u00eda indic\u00f3 en forma espont\u00e1nea ante los agentes que, mientras se cambiaba y manipulaba su arma reglamentaria, se le escap\u00f3 un disparo que impact\u00f3 directamente en la frente de su pareja. La v\u00edctima, tambi\u00e9n integrante de la fuerza (actualmente con licencia m\u00e9dica y sin portaci\u00f3n de arma), fue trasladada de inmediato al hospital Cullen, en c\u00f3digo rojo.<\/p>\n\n\n\n<p>Cuando arrib\u00f3 al hospital Cullen, inicialmente las tareas de los m\u00e9dicos fueron para salvarle la vida. En ese contexto, tuvo que ser intervenida quir\u00fargicamente y termin\u00f3 pariendo. El beb\u00e9 naci\u00f3 sin problemas.<\/p>\n\n\n\n<p>El diagn\u00f3stico m\u00e9dico inicial es de una herida de arma de fuego en el cr\u00e1neo, con pron\u00f3stico reservado. La mujer fue operada de urgencia y permanece internada en terapia intensiva, mientras que el reci\u00e9n nacido qued\u00f3 bajo control m\u00e9dico y evoluciona favorablemente.<\/p>\n\n\n\n<p>La investigaci\u00f3n judicial qued\u00f3 a cargo del fiscal Dr. Marcelo Ben\u00edtez, quien resolvi\u00f3 en primera instancia que intervenga la Divisi\u00f3n Judicial de la Unidad Regional XV y personal de la Polic\u00eda de Investigaciones (PDI). Adem\u00e1s se orden\u00f3 la actuaci\u00f3n de Polic\u00eda Cient\u00edfica en el lugar del hecho para realizar las pericias correspondientes.<\/p>\n\n\n\n<p>El presunto autor del disparo se encuentra detenido mientras se avanza con la toma de testimonios, peritajes y dem\u00e1s diligencias procesales para esclarecer las circunstancias del impactante hecho.<\/p>\n","protected":false},"excerpt":{"rendered":"<p>Una joven polic&iacute;a de 21 a&ntilde;os, embarazada de ocho meses fue baleada en la cabeza por su pareja en su casa en Coronda, Santa Fe. Sobrevivi&oacute; a una cirug&iacute;a de urgencia y dio a luz en el hospital mientras era intervenida quir&uacute;rgicamente. Su beb&eacute; naci&oacute; sano y ella se encuentra en terapia intensiva. El brutal [&hellip;]<\/p>\n","protected":false},"author":2,"featured_media":13411,"comment_status":"open","ping_status":"open","sticky":false,"template":"","format":"standard","meta":{"footnotes":""},"categories":[8,4],"tags":[745,2116,1663,5236,182,5235,953,426,78],"class_list":["post-13410","post","type-post","status-publish","format-standard","has-post-thumbnail","hentry","category-policiales","category-provinciales","tag-baleada","tag-cabeza","tag-detenida","tag-hospital-cullen","tag-mujer","tag-nacimiento","tag-pareja","tag-policia","tag-santa-fe"],"_links":{"self":[{"href":"https:\/\/impactodenoticias.com.ar\/index.php?rest_route=\/wp\/v2\/posts\/13410","targetHints":{"allow":["GET"]}}],"collection":[{"href":"https:\/\/impactodenoticias.com.ar\/index.php?rest_route=\/wp\/v2\/posts"}],"about":[{"href":"https:\/\/impactodenoticias.com.ar\/index.php?rest_route=\/wp\/v2\/types\/post"}],"author":[{"embeddable":true,"href":"https:\/\/impactodenoticias.com.ar\/index.php?rest_route=\/wp\/v2\/users\/2"}],"replies":[{"embeddable":true,"href":"https:\/\/impactodenoticias.com.ar\/index.php?rest_route=%2Fwp%2Fv2%2Fcomments&post=13410"}],"version-history":[{"count":1,"href":"https:\/\/impactodenoticias.com.ar\/index.php?rest_route=\/wp\/v2\/posts\/13410\/revisions"}],"predecessor-version":[{"id":13412,"href":"https:\/\/impactodenoticias.com.ar\/index.php?rest_route=\/wp\/v2\/posts\/13410\/revisions\/13412"}],"wp:featuredmedia":[{"embeddable":true,"href":"https:\/\/impactodenoticias.com.ar\/index.php?rest_route=\/wp\/v2\/media\/13411"}],"wp:attachment":[{"href":"https:\/\/impactodenoticias.com.ar\/index.php?rest_route=%2Fwp%2Fv2%2Fmedia&parent=13410"}],"wp:term":[{"taxonomy":"category","embeddable":true,"href":"https:\/\/impactodenoticias.com.ar\/index.php?rest_route=%2Fwp%2Fv2%2Fcategories&post=13410"},{"taxonomy":"post_tag","embeddable":true,"href":"https:\/\/impactodenoticias.com.ar\/index.php?rest_route=%2Fwp%2Fv2%2Ftags&post=13410"}],"curies":[{"name":"wp","href":"https:\/\/api.w.org\/{rel}","templated":true}]}}