{"id":13416,"date":"2025-05-19T18:01:56","date_gmt":"2025-05-19T21:01:56","guid":{"rendered":"https:\/\/impactodenoticias.com.ar\/?p=13416"},"modified":"2025-05-20T09:44:35","modified_gmt":"2025-05-20T12:44:35","slug":"paro-docente-y-movilizacion-en-entre-rios-por-la-situacion-en-el-iosper","status":"publish","type":"post","link":"https:\/\/impactodenoticias.com.ar\/?p=13416","title":{"rendered":"Paro docente y movilizaci\u00f3n en Entre R\u00edos por la situaci\u00f3n en el IOSPER"},"content":{"rendered":"\n<h2 class=\"wp-block-heading\">La Intersindical brind\u00f3 una conferencia de prensa para confirmar la decisi\u00f3n, en el marco de los reclamos por el conflicto en la obra social. Parar\u00e1n tambi\u00e9n ATE y empleados de IOSPER. Ser\u00e1 el 21 de mayo pr\u00f3ximo.<\/h2>\n\n\n\n<p>La medida fue anunciada este lunes en conferencia de prensa por el secretario General de AGMER -Asociaci\u00f3n Gremial del Magisterio de Entre R\u00edos-, Marcelo Pagani, quien precis\u00f3 que se ver\u00e1n afectadas las clases ese d\u00eda debido a la medida de fuerza en contra de la creaci\u00f3n de OSER, la nueva obra social que impulsa el gobernador Frigerio.<\/p>\n\n\n\n<p>En la sede de la Asociaci\u00f3n Gremial del Magisterio de Entre R\u00edos (Agmer) Paran\u00e1, Pagani exigi\u00f3 \u201cun debate en serio, no chicanas ni confundir a la gente, como lo hace el Gobierno a trav\u00e9s de las redes sociales\u201d.<\/p>\n\n\n\n<p>El dirigente subray\u00f3 que la Intersindical envi\u00f3 un petitorio a las autoridades provinciales y asegur\u00f3 que \u201cejercemos un derecho constitucional\u201d al ejecutar un paro. Y agreg\u00f3: \u201cNo estamos ejerciendo violencia. Las m\u00e1ximas autoridades deben aceptar que los trabajadores vamos a presentar nuestras demandas ante ellas\u201d.<\/p>\n\n\n\n<p>Pagani critic\u00f3 el discurso del gobierno provincial sobre el IOSPER: \u201cNo queremos generalidades como \u2018irregularidades\u2019, \u2018corrupci\u00f3n\u2019, \u2018chorros\u2019, \u2018d\u00e9ficit estructural\u2019. No hay un solo punto del Gobierno provincial que responda a lo que nosotros estamos planteando\u201d, apunt\u00f3.<\/p>\n\n\n\n<p>\u201cSi hay irregularidades o sospechas de corrupci\u00f3n, que act\u00fae la Justicia, que se investigue, y que quienes est\u00e9n involucrados tengan derecho a la defensa\u201d, destac\u00f3.<\/p>\n\n\n\n<p>El titular de Agmer se\u00f1al\u00f3 que la mayor preocupaci\u00f3n del sector est\u00e1 en lo que no contempla el proyecto oficial: \u201cNos preocupa c\u00f3mo funcionar\u00e1n las prestaciones, las afiliaciones y los puestos de trabajo\u201d.<\/p>\n\n\n\n<p>Mientras que el secretario general del Sindicato de Empleados del IOSPER, Horacio Rodr\u00edguez, reclam\u00f3 \u201cdetalles, reglas claras y que se escuche a los trabajadores\u201d en la discusi\u00f3n por el futuro de la obra social.<\/p>\n\n\n\n<p>Rodr\u00edguez confirm\u00f3 que Seosper participar\u00e1 del paro convocado para este mi\u00e9rcoles y garantiz\u00f3 que se mantendr\u00e1n guardias m\u00ednimas para atender a los afiliados durante la huelga.<\/p>\n\n\n\n<p>Por su parte, el representante de la Asociaci\u00f3n de Trabajadores del Estado (ATE), Oscar Muntes, consider\u00f3 necesaria una actualizaci\u00f3n de la ley vigente pero alert\u00f3 que, en el proceso de modificaci\u00f3n del proyecto que busca disolver el Iosper, \u201cse pueden introducir elementos peligrosos\u201d. \u201cSi est\u00e1n modificando el proyecto, es porque lo que dice el gobierno provincial no va a ser ley\u201d, indic\u00f3.<\/p>\n\n\n\n<p>Muntes adem\u00e1s hizo hincapi\u00e9 en el riesgo de perder el principio de solidaridad que caracteriza al sistema.<\/p>\n\n\n\n<p>Finalizando, llam\u00f3 a marchar este mi\u00e9rcoles en defensa del Iosper y anunci\u00f3 que ATE se sumar\u00e1 al paro convocado por la Intersindical.<\/p>\n","protected":false},"excerpt":{"rendered":"<p>La Intersindical brind&oacute; una conferencia de prensa para confirmar la decisi&oacute;n, en el marco de los reclamos por el conflicto en la obra social. Parar&aacute;n tambi&eacute;n ATE y empleados de IOSPER. Ser&aacute; el 21 de mayo pr&oacute;ximo. La medida fue anunciada este lunes en conferencia de prensa por el secretario General de AGMER -Asociaci&oacute;n Gremial [&hellip;]<\/p>\n","protected":false},"author":2,"featured_media":13417,"comment_status":"open","ping_status":"open","sticky":false,"template":"","format":"standard","meta":{"footnotes":""},"categories":[91,11,4],"tags":[52,103,33,329,59],"class_list":["post-13416","post","type-post","status-publish","format-standard","has-post-thumbnail","hentry","category-gremiales","category-politica","category-provinciales","tag-agmer","tag-ate","tag-entre-rios","tag-iosper","tag-paro"],"_links":{"self":[{"href":"https:\/\/impactodenoticias.com.ar\/index.php?rest_route=\/wp\/v2\/posts\/13416","targetHints":{"allow":["GET"]}}],"collection":[{"href":"https:\/\/impactodenoticias.com.ar\/index.php?rest_route=\/wp\/v2\/posts"}],"about":[{"href":"https:\/\/impactodenoticias.com.ar\/index.php?rest_route=\/wp\/v2\/types\/post"}],"author":[{"embeddable":true,"href":"https:\/\/impactodenoticias.com.ar\/index.php?rest_route=\/wp\/v2\/users\/2"}],"replies":[{"embeddable":true,"href":"https:\/\/impactodenoticias.com.ar\/index.php?rest_route=%2Fwp%2Fv2%2Fcomments&post=13416"}],"version-history":[{"count":1,"href":"https:\/\/impactodenoticias.com.ar\/index.php?rest_route=\/wp\/v2\/posts\/13416\/revisions"}],"predecessor-version":[{"id":13418,"href":"https:\/\/impactodenoticias.com.ar\/index.php?rest_route=\/wp\/v2\/posts\/13416\/revisions\/13418"}],"wp:featuredmedia":[{"embeddable":true,"href":"https:\/\/impactodenoticias.com.ar\/index.php?rest_route=\/wp\/v2\/media\/13417"}],"wp:attachment":[{"href":"https:\/\/impactodenoticias.com.ar\/index.php?rest_route=%2Fwp%2Fv2%2Fmedia&parent=13416"}],"wp:term":[{"taxonomy":"category","embeddable":true,"href":"https:\/\/impactodenoticias.com.ar\/index.php?rest_route=%2Fwp%2Fv2%2Fcategories&post=13416"},{"taxonomy":"post_tag","embeddable":true,"href":"https:\/\/impactodenoticias.com.ar\/index.php?rest_route=%2Fwp%2Fv2%2Ftags&post=13416"}],"curies":[{"name":"wp","href":"https:\/\/api.w.org\/{rel}","templated":true}]}}