{"id":1342,"date":"2024-07-21T09:09:47","date_gmt":"2024-07-21T12:09:47","guid":{"rendered":"https:\/\/impactodenoticias.com.ar\/?p=1342"},"modified":"2024-07-21T09:09:48","modified_gmt":"2024-07-21T12:09:48","slug":"clima-en-entre-rios-domingo-frio-y-con-presencia-de-nubes-se-espera-una-semana-con-maximas-superiores-a-21c","status":"publish","type":"post","link":"https:\/\/impactodenoticias.com.ar\/?p=1342","title":{"rendered":"Clima en Entre R\u00edos: domingo fr\u00edo y con presencia de nubes se espera una semana con m\u00e1ximas superiores a 21\u00b0C"},"content":{"rendered":"\n<h3 class=\"wp-block-heading\">El Servicio Meteorol\u00f3gico Nacional (SMN), pronostica un domingo nublado, con una temperatura m\u00e1xima de 15\u00b0C. A partir del lunes se inicia el ascenso de las temperaturas. Las m\u00e1ximas superar\u00e1n los 21\u00b0C durante toda la semana.<\/h3>\n\n\n\n<p>El SMN informa que este domingo se presentar\u00e1 mayormente nublado, con una temperatura m\u00ednima de 9\u00b0C y una m\u00e1xima de 15\u00b0C en todo el territorio provincial y regi\u00f3n.<\/p>\n\n\n\n<p>A partir de este lunes iniciar\u00e1 un paulatino ascenso de las temperaturas. El primer d\u00eda de la semana tendr\u00e1 una m\u00ednima de 12\u00b0C y una m\u00e1xima de 23\u00b0C. El cielo estar\u00e1 algo nublado.<\/p>\n\n\n\n<p>Para el martes se anticipa m\u00ednima de 15\u00b0C y m\u00e1xima de 26\u00b0C, mientras que para el mi\u00e9rcoles se pronostica m\u00ednima de 17\u00b0C y m\u00e1xima de 25\u00b0C.<\/p>\n\n\n\n<p>Mientras que para el jueves habr\u00e1 mayor presencia de sol. La temperatura m\u00ednima se ubicar\u00e1 en 12\u00b0C y la m\u00e1xima en 21\u00b0C.<\/p>\n\n\n\n<p>El viernes el d\u00eda ser\u00e1 m\u00e1s fresco de la semana, con una m\u00ednima de 10\u00b0C y una m\u00e1xima de 22\u00b0C.<\/p>\n\n\n\n<p>Desde el pr\u00f3ximo s\u00e1bado nuevamente comienza un per\u00edodo de gradual descenso de la temperatura. Para ese d\u00eda se pronostica m\u00ednima de 10\u00b0C y m\u00e1xima que no superar\u00e1 los 16\u00b0C.<\/p>\n\n\n\n<p><strong>Clima en las principales ciudades entrerrianas<\/strong><\/p>\n\n\n\n<p><\/p>\n\n\n\n<figure class=\"wp-block-image size-full\"><img loading=\"lazy\" decoding=\"async\" width=\"681\" height=\"557\" src=\"https:\/\/impactodenoticias.com.ar\/wp-content\/uploads\/2024\/07\/scrnli_21_7_2024_8-52-23.png\" alt=\"\" class=\"wp-image-1343\" srcset=\"https:\/\/impactodenoticias.com.ar\/wp-content\/uploads\/2024\/07\/scrnli_21_7_2024_8-52-23.png 681w, https:\/\/impactodenoticias.com.ar\/wp-content\/uploads\/2024\/07\/scrnli_21_7_2024_8-52-23-300x245.png 300w\" sizes=\"auto, (max-width: 681px) 100vw, 681px\" \/><\/figure>\n","protected":false},"excerpt":{"rendered":"<p>El Servicio Meteorol&oacute;gico Nacional (SMN), pronostica un domingo nublado, con una temperatura m&aacute;xima de 15&deg;C. A partir del lunes se inicia el ascenso de las temperaturas. Las m&aacute;ximas superar&aacute;n los 21&deg;C durante toda la semana. El SMN informa que este domingo se presentar&aacute; mayormente nublado, con una temperatura m&iacute;nima de 9&deg;C y una m&aacute;xima de [&hellip;]<\/p>\n","protected":false},"author":2,"featured_media":1344,"comment_status":"open","ping_status":"open","sticky":false,"template":"","format":"standard","meta":{"footnotes":""},"categories":[4,49],"tags":[38,33],"class_list":["post-1342","post","type-post","status-publish","format-standard","has-post-thumbnail","hentry","category-provinciales","category-sociedad","tag-clima","tag-entre-rios"],"_links":{"self":[{"href":"https:\/\/impactodenoticias.com.ar\/index.php?rest_route=\/wp\/v2\/posts\/1342","targetHints":{"allow":["GET"]}}],"collection":[{"href":"https:\/\/impactodenoticias.com.ar\/index.php?rest_route=\/wp\/v2\/posts"}],"about":[{"href":"https:\/\/impactodenoticias.com.ar\/index.php?rest_route=\/wp\/v2\/types\/post"}],"author":[{"embeddable":true,"href":"https:\/\/impactodenoticias.com.ar\/index.php?rest_route=\/wp\/v2\/users\/2"}],"replies":[{"embeddable":true,"href":"https:\/\/impactodenoticias.com.ar\/index.php?rest_route=%2Fwp%2Fv2%2Fcomments&post=1342"}],"version-history":[{"count":1,"href":"https:\/\/impactodenoticias.com.ar\/index.php?rest_route=\/wp\/v2\/posts\/1342\/revisions"}],"predecessor-version":[{"id":1345,"href":"https:\/\/impactodenoticias.com.ar\/index.php?rest_route=\/wp\/v2\/posts\/1342\/revisions\/1345"}],"wp:featuredmedia":[{"embeddable":true,"href":"https:\/\/impactodenoticias.com.ar\/index.php?rest_route=\/wp\/v2\/media\/1344"}],"wp:attachment":[{"href":"https:\/\/impactodenoticias.com.ar\/index.php?rest_route=%2Fwp%2Fv2%2Fmedia&parent=1342"}],"wp:term":[{"taxonomy":"category","embeddable":true,"href":"https:\/\/impactodenoticias.com.ar\/index.php?rest_route=%2Fwp%2Fv2%2Fcategories&post=1342"},{"taxonomy":"post_tag","embeddable":true,"href":"https:\/\/impactodenoticias.com.ar\/index.php?rest_route=%2Fwp%2Fv2%2Ftags&post=1342"}],"curies":[{"name":"wp","href":"https:\/\/api.w.org\/{rel}","templated":true}]}}