{"id":13438,"date":"2025-05-20T10:13:26","date_gmt":"2025-05-20T13:13:26","guid":{"rendered":"https:\/\/impactodenoticias.com.ar\/?p=13438"},"modified":"2025-05-21T10:16:39","modified_gmt":"2025-05-21T13:16:39","slug":"hay-que-darle-una-posibilidad-al-gobernador-con-el-iosper-senalo-cresto","status":"publish","type":"post","link":"https:\/\/impactodenoticias.com.ar\/?p=13438","title":{"rendered":"\u201cHay que darle una posibilidad al gobernador\u201d con el IOSPER, se\u00f1al\u00f3 Cresto"},"content":{"rendered":"\n<h2 class=\"wp-block-heading\">El ex intendente de Concordia expres\u00f3 su postura ante el proyecto que impulsa el Ejecutivo provincial para la obra social. Hizo referencia adem\u00e1s a la interna del PJ, de cara a las pr\u00f3ximas elecciones legislativas.<\/h2>\n\n\n\n<p>En di\u00e1logo con medios locales, el actual diputado provincial, Enrique Cresto reiter\u00f3 su opini\u00f3n sobre lo ocurrido con el hotel Ayu\u00ed y afirm\u00f3 que \u201ccomo concordiense, y por lo que vivimos durante ocho a\u00f1os al frente del municipio, uno sufr\u00eda cada vez que le\u00eda la opini\u00f3n de un turista que ven\u00eda y se iba totalmente desilusionado, porque a\u00f1oraba aquel hotel que hab\u00eda conocido hace 30 o 40 a\u00f1os\u201d.<\/p>\n\n\n\n<p>De acuerdo a sus dichos, lo importante es \u201cque se logr\u00f3 el cometido, que era recuperarlo para empezar a reconstruir desde cero\u201d y admiti\u00f3 que su situaci\u00f3n era \u201cde desidia, de falta de gesti\u00f3n, de un mont\u00f3n de cosas para solucionar\u201d.<\/p>\n\n\n\n<p class=\"has-medium-font-size\"><strong>Sobre el Iosper<\/strong><\/p>\n\n\n\n<p>El diputado fue consultado sobre las medidas que el gobierno provincial impulsa respecto al IOSPER y se\u00f1al\u00f3 que \u201cen lo personal, no me voy a oponer a que se patee el tablero y se quiera reconstruir algo nuevo, porque es lo que habr\u00edamos hecho nosotros y siempre lo anhelamos\u00bb. De todos modos, aclar\u00f3, que el proyecto \u00abes algo para estudiarlo\u201d.<\/p>\n\n\n\n<p>Y agreg\u00f3 que \u201cel IOSPER es un organismo que ten\u00eda un sistema y una normativa jur\u00eddica espectacular, con representaci\u00f3n de los trabajadores de todos los sectores\u201d, pero \u201cera una obra social de 300.000 afiliados que funciona mal. La normativa era buena, con una gran independencia y manejada por los mismos trabajadores, pero no funcionaba y ten\u00eda muchas cosas por mejorar\u201d, destac\u00f3.<\/p>\n\n\n\n<p>No obstante, afirm\u00f3 que un cambio en su matriz \u201chay que verlo sin vulnerar el derecho de los trabajadores a tener su representaci\u00f3n\u201d y reconoci\u00f3 que ya le ha planteado a un funcionario provincial que \u201ccuando generas un cambio, ten\u00e9s resistencia\u00bb, por lo que ante ello, se debe diferenciar si el malestar generado \u00abes de los que quieren mantener el status quo de algunas cosas o si realmente es porque est\u00e1 rompiendo algo que capaz no est\u00e1 tan mal\u201d. Sugiriendo que ese \u201ces el par\u00e1metro que tiene que medir el gobierno, porque todo cambio genera resistencia\u201d.<\/p>\n\n\n\n<p>Explic\u00f3 adem\u00e1s que \u201cestamos estudiante el tema y recibimos a gente que trabaja en el IOSPER y tiene su informaci\u00f3n, sus quejas sobre lo que est\u00e1 pasando ahora, pero la verdad que est\u00e1 bien darle la posibilidad al gobernador de que pueda llevar adelante una transformaci\u00f3n el IOSPER, siempre pensando que quieren hacer las cosas bien\u00bb.<\/p>\n\n\n\n<p>Subray\u00f3 adem\u00e1s que \u00absi funciona peor de lo que funciona hoy, el que va a pagar los costos ser\u00e1 el gobernador y su equipo\u201d.<\/p>\n\n\n\n<p>Finalizando, Cresto habl\u00f3 sobre las elecciones legislativas y su visi\u00f3n actual del partido justicialista, y afirm\u00f3 que \u201cmi opini\u00f3n es que hay que renovar\u201d, dado que \u201cnosotros representamos una pol\u00edtica\u201d, sobre la que \u201cla gente dijo esto no va m\u00e1s\u201d.<\/p>\n","protected":false},"excerpt":{"rendered":"<p>El ex intendente de Concordia expres&oacute; su postura ante el proyecto que impulsa el Ejecutivo provincial para la obra social. Hizo referencia adem&aacute;s a la interna del PJ, de cara a las pr&oacute;ximas elecciones legislativas. En di&aacute;logo con medios locales, el actual diputado provincial, Enrique Cresto reiter&oacute; su opini&oacute;n sobre lo ocurrido con el hotel [&hellip;]<\/p>\n","protected":false},"author":2,"featured_media":13439,"comment_status":"open","ping_status":"open","sticky":false,"template":"","format":"standard","meta":{"footnotes":""},"categories":[11,4],"tags":[105,5243,329,5242,67],"class_list":["post-13438","post","type-post","status-publish","format-standard","has-post-thumbnail","hentry","category-politica","category-provinciales","tag-enrique-cresto","tag-hotel-ayui","tag-iosper","tag-legislativas","tag-partido-justicialista"],"_links":{"self":[{"href":"https:\/\/impactodenoticias.com.ar\/index.php?rest_route=\/wp\/v2\/posts\/13438","targetHints":{"allow":["GET"]}}],"collection":[{"href":"https:\/\/impactodenoticias.com.ar\/index.php?rest_route=\/wp\/v2\/posts"}],"about":[{"href":"https:\/\/impactodenoticias.com.ar\/index.php?rest_route=\/wp\/v2\/types\/post"}],"author":[{"embeddable":true,"href":"https:\/\/impactodenoticias.com.ar\/index.php?rest_route=\/wp\/v2\/users\/2"}],"replies":[{"embeddable":true,"href":"https:\/\/impactodenoticias.com.ar\/index.php?rest_route=%2Fwp%2Fv2%2Fcomments&post=13438"}],"version-history":[{"count":1,"href":"https:\/\/impactodenoticias.com.ar\/index.php?rest_route=\/wp\/v2\/posts\/13438\/revisions"}],"predecessor-version":[{"id":13440,"href":"https:\/\/impactodenoticias.com.ar\/index.php?rest_route=\/wp\/v2\/posts\/13438\/revisions\/13440"}],"wp:featuredmedia":[{"embeddable":true,"href":"https:\/\/impactodenoticias.com.ar\/index.php?rest_route=\/wp\/v2\/media\/13439"}],"wp:attachment":[{"href":"https:\/\/impactodenoticias.com.ar\/index.php?rest_route=%2Fwp%2Fv2%2Fmedia&parent=13438"}],"wp:term":[{"taxonomy":"category","embeddable":true,"href":"https:\/\/impactodenoticias.com.ar\/index.php?rest_route=%2Fwp%2Fv2%2Fcategories&post=13438"},{"taxonomy":"post_tag","embeddable":true,"href":"https:\/\/impactodenoticias.com.ar\/index.php?rest_route=%2Fwp%2Fv2%2Ftags&post=13438"}],"curies":[{"name":"wp","href":"https:\/\/api.w.org\/{rel}","templated":true}]}}