{"id":13446,"date":"2025-05-20T17:40:11","date_gmt":"2025-05-20T20:40:11","guid":{"rendered":"https:\/\/impactodenoticias.com.ar\/?p=13446"},"modified":"2025-05-21T10:16:31","modified_gmt":"2025-05-21T13:16:31","slug":"paro-docente-involucran-a-15-millones-de-entrerrianos-en-un-conflicto-que-afecta-a-pocos-cuestiono-sarubi","status":"publish","type":"post","link":"https:\/\/impactodenoticias.com.ar\/?p=13446","title":{"rendered":"Paro docente: \u201cInvolucran a 1,5 millones de entrerrianos en un conflicto que afecta a pocos\u201d, cuestion\u00f3 Sarubi"},"content":{"rendered":"\n<h2 class=\"wp-block-heading\">El diputado provincial Bruno Sarubi (Juntos por Entre R\u00edos), manifest\u00f3 duras cr\u00edticas al paro convocado por la Asociaci\u00f3n Gremial del Magisterio de Entre R\u00edos (Agmer), previsto para este mi\u00e9rcoles, en rechazo a la ley que crea la nueva Obra Social de Entre R\u00edos (OSER).<\/h2>\n\n\n\n<p>\u201cEste tipo de medidas genera incertidumbre en miles de familias que no saben si sus hijos tendr\u00e1n clases o no, con todos los problemas que eso conlleva. Involucran a 1,5 millones de entrerrianos en una cuesti\u00f3n que, adem\u00e1s de poder resolverse mediante el di\u00e1logo, afecta directamente a un grupo mucho m\u00e1s reducido\u201d, asegur\u00f3 Sarubi.<\/p>\n\n\n\n<p>El legislador adem\u00e1s hizo referencia al impacto que la crisis del IOSPER ha tenido sobre los recursos p\u00fablicos: \u201cHay 1,2 millones de entrerrianos que no tienen cobertura de IOSPER, pero el Estado debe usar el dinero que ellos tributan para cubrir el desorden econ\u00f3mico que dej\u00f3 la obra social antes de la intervenci\u00f3n. Es decir, no se les devuelven sus impuestos en obras o servicios, sino que se destinan a tapar deudas de una obra social que no usan\u201d, agreg\u00f3.<\/p>\n\n\n\n<p>Sarubi apoy\u00f3 la iniciativa del gobierno provincial de avanzar hacia \u201cun nuevo sistema de salud que garantice transparencia, eficiencia y mejor cobertura para los trabajadores p\u00fablicos\u201d. En esa l\u00ednea, inst\u00f3 a los gremios a retomar el di\u00e1logo como herramienta para \u201cresolver las diferencias y evitar decisiones que interrumpan el derecho a la educaci\u00f3n de los estudiantes\u201d.<\/p>\n\n\n\n<p>El diputado remarc\u00f3: \u201cEl gobierno provincial, como corresponde, no abonar\u00e1 el d\u00eda a quienes no concurran a trabajar. Porque el salario tambi\u00e9n implica una contraprestaci\u00f3n, y no es justo para quienes s\u00ed cumplen con su responsabilidad\u201d, finalizo.<\/p>\n","protected":false},"excerpt":{"rendered":"<p>El diputado provincial Bruno Sarubi (Juntos por Entre R&iacute;os), manifest&oacute; duras cr&iacute;ticas al paro convocado por la Asociaci&oacute;n Gremial del Magisterio de Entre R&iacute;os (Agmer), previsto para este mi&eacute;rcoles, en rechazo a la ley que crea la nueva Obra Social de Entre R&iacute;os (OSER). &ldquo;Este tipo de medidas genera incertidumbre en miles de familias que [&hellip;]<\/p>\n","protected":false},"author":2,"featured_media":13447,"comment_status":"open","ping_status":"open","sticky":false,"template":"","format":"standard","meta":{"footnotes":""},"categories":[11,4],"tags":[52,2058,47,60,329,59],"class_list":["post-13446","post","type-post","status-publish","format-standard","has-post-thumbnail","hentry","category-politica","category-provinciales","tag-agmer","tag-bruno-sarubi","tag-criticas","tag-docente","tag-iosper","tag-paro"],"_links":{"self":[{"href":"https:\/\/impactodenoticias.com.ar\/index.php?rest_route=\/wp\/v2\/posts\/13446","targetHints":{"allow":["GET"]}}],"collection":[{"href":"https:\/\/impactodenoticias.com.ar\/index.php?rest_route=\/wp\/v2\/posts"}],"about":[{"href":"https:\/\/impactodenoticias.com.ar\/index.php?rest_route=\/wp\/v2\/types\/post"}],"author":[{"embeddable":true,"href":"https:\/\/impactodenoticias.com.ar\/index.php?rest_route=\/wp\/v2\/users\/2"}],"replies":[{"embeddable":true,"href":"https:\/\/impactodenoticias.com.ar\/index.php?rest_route=%2Fwp%2Fv2%2Fcomments&post=13446"}],"version-history":[{"count":1,"href":"https:\/\/impactodenoticias.com.ar\/index.php?rest_route=\/wp\/v2\/posts\/13446\/revisions"}],"predecessor-version":[{"id":13448,"href":"https:\/\/impactodenoticias.com.ar\/index.php?rest_route=\/wp\/v2\/posts\/13446\/revisions\/13448"}],"wp:featuredmedia":[{"embeddable":true,"href":"https:\/\/impactodenoticias.com.ar\/index.php?rest_route=\/wp\/v2\/media\/13447"}],"wp:attachment":[{"href":"https:\/\/impactodenoticias.com.ar\/index.php?rest_route=%2Fwp%2Fv2%2Fmedia&parent=13446"}],"wp:term":[{"taxonomy":"category","embeddable":true,"href":"https:\/\/impactodenoticias.com.ar\/index.php?rest_route=%2Fwp%2Fv2%2Fcategories&post=13446"},{"taxonomy":"post_tag","embeddable":true,"href":"https:\/\/impactodenoticias.com.ar\/index.php?rest_route=%2Fwp%2Fv2%2Ftags&post=13446"}],"curies":[{"name":"wp","href":"https:\/\/api.w.org\/{rel}","templated":true}]}}