{"id":13452,"date":"2025-05-21T08:45:37","date_gmt":"2025-05-21T11:45:37","guid":{"rendered":"https:\/\/impactodenoticias.com.ar\/?p=13452"},"modified":"2025-05-22T09:36:58","modified_gmt":"2025-05-22T12:36:58","slug":"el-intendente-davico-pidio-la-renuncia-de-un-concejal-radical-que-tuvo-un-accidente-estando-alcoholizado","status":"publish","type":"post","link":"https:\/\/impactodenoticias.com.ar\/?p=13452","title":{"rendered":"El intendente Davico pidi\u00f3 la renuncia de un concejal radical que tuvo un accidente estando alcoholizado"},"content":{"rendered":"\n<h2 class=\"wp-block-heading\">El Municipio de Gualeguaych\u00fa inform\u00f3 que el intendente Mauricio Davico solicit\u00f3 la renuncia y el apartamiento del bloque de Juntos por Entre R\u00edos del concejal de la Uni\u00f3n C\u00edvica Radical (UCR) Maximiliano Lesik, tras el accidente vial que protagoniz\u00f3 mientras conduc\u00eda en estado de ebriedad.<\/h2>\n\n\n\n<p>Seg\u00fan los informes oficiales, Lesik estuvo involucrado en un accidente vial con otro veh\u00edculo, y luego de los testeos realizados por el personal de la Direcci\u00f3n de Tr\u00e1nsito, se comprob\u00f3 que conduc\u00eda con una graduaci\u00f3n de 1,87 gramos de alcohol en sangre, por lo que los organismos competentes intervinieron para la retenci\u00f3n de la Licencia de Conducir y el veh\u00edculo.<\/p>\n\n\n\n<p><\/p>\n\n\n\n<figure class=\"wp-block-image size-full\"><img loading=\"lazy\" decoding=\"async\" width=\"300\" height=\"168\" src=\"https:\/\/impactodenoticias.com.ar\/wp-content\/uploads\/2025\/05\/Lesik.jpeg\" alt=\"\" class=\"wp-image-13453\"\/><figcaption class=\"wp-element-caption\"><strong>Concejal Maximiliano Lesik<\/strong><\/figcaption><\/figure>\n\n\n\n<p><\/p>\n\n\n\n<p>\u201cLa ciudadan\u00eda vot\u00f3 a un concejal para que d\u00e9 el ejemplo, no para que ponga en riesgo a sus familias y al resto de la comunidad. Hay que estar a la altura de las circunstancias. Hay que hacerse cargo de los hechos y todo tiene consecuencias. Nos votaron para que los cuidemos y es nuestra obligaci\u00f3n preservar el derecho a la vida de todos\u201d, destac\u00f3 el intendente Davico.<\/p>\n\n\n\n<p>\u201cDe este modo, el Departamento Ejecutivo reafirma su compromiso con la transparencia, el respeto a las instituciones y la responsabilidad en el ejercicio de la funci\u00f3n p\u00fablica. Si bien el Concejo Deliberante es un \u00f3rgano aut\u00f3nomo, esta gesti\u00f3n no es indiferente ante esta situaci\u00f3n que involucra a un representante electo por los ciudadanos\u201d, se\u00f1alaron desde el gobierno.<\/p>\n\n\n\n<p>Con esta decisi\u00f3n, el intendente Davico se\u00f1al\u00f3 que \u201ceste hecho no representa ni compromete los valores ni el accionar de la actual gesti\u00f3n de gobierno, y reitera su voluntad de colaborar con todo proceso que tienda al esclarecimiento de los hechos\u201d. Adem\u00e1s, \u201campara el firme compromiso de continuar con los operativos de control de alcoholemia para hacer de Gualeguaych\u00fa una ciudad vialmente m\u00e1s segura\u201d, concluy\u00f3.<\/p>\n","protected":false},"excerpt":{"rendered":"<p>El Municipio de Gualeguaych&uacute; inform&oacute; que el intendente Mauricio Davico solicit&oacute; la renuncia y el apartamiento del bloque de Juntos por Entre R&iacute;os del concejal de la Uni&oacute;n C&iacute;vica Radical (UCR) Maximiliano Lesik, tras el accidente vial que protagoniz&oacute; mientras conduc&iacute;a en estado de ebriedad. Seg&uacute;n los informes oficiales, Lesik estuvo involucrado en un accidente [&hellip;]<\/p>\n","protected":false},"author":2,"featured_media":13454,"comment_status":"open","ping_status":"open","sticky":false,"template":"","format":"standard","meta":{"footnotes":""},"categories":[11,4],"tags":[1332,652,4907,1059,5245,1422],"class_list":["post-13452","post","type-post","status-publish","format-standard","has-post-thumbnail","hentry","category-politica","category-provinciales","tag-alcoholizado","tag-choque","tag-concejal","tag-mauricio-davico","tag-maximiliano-lesik","tag-renuncia"],"_links":{"self":[{"href":"https:\/\/impactodenoticias.com.ar\/index.php?rest_route=\/wp\/v2\/posts\/13452","targetHints":{"allow":["GET"]}}],"collection":[{"href":"https:\/\/impactodenoticias.com.ar\/index.php?rest_route=\/wp\/v2\/posts"}],"about":[{"href":"https:\/\/impactodenoticias.com.ar\/index.php?rest_route=\/wp\/v2\/types\/post"}],"author":[{"embeddable":true,"href":"https:\/\/impactodenoticias.com.ar\/index.php?rest_route=\/wp\/v2\/users\/2"}],"replies":[{"embeddable":true,"href":"https:\/\/impactodenoticias.com.ar\/index.php?rest_route=%2Fwp%2Fv2%2Fcomments&post=13452"}],"version-history":[{"count":1,"href":"https:\/\/impactodenoticias.com.ar\/index.php?rest_route=\/wp\/v2\/posts\/13452\/revisions"}],"predecessor-version":[{"id":13455,"href":"https:\/\/impactodenoticias.com.ar\/index.php?rest_route=\/wp\/v2\/posts\/13452\/revisions\/13455"}],"wp:featuredmedia":[{"embeddable":true,"href":"https:\/\/impactodenoticias.com.ar\/index.php?rest_route=\/wp\/v2\/media\/13454"}],"wp:attachment":[{"href":"https:\/\/impactodenoticias.com.ar\/index.php?rest_route=%2Fwp%2Fv2%2Fmedia&parent=13452"}],"wp:term":[{"taxonomy":"category","embeddable":true,"href":"https:\/\/impactodenoticias.com.ar\/index.php?rest_route=%2Fwp%2Fv2%2Fcategories&post=13452"},{"taxonomy":"post_tag","embeddable":true,"href":"https:\/\/impactodenoticias.com.ar\/index.php?rest_route=%2Fwp%2Fv2%2Ftags&post=13452"}],"curies":[{"name":"wp","href":"https:\/\/api.w.org\/{rel}","templated":true}]}}