{"id":13465,"date":"2025-05-21T10:15:35","date_gmt":"2025-05-21T13:15:35","guid":{"rendered":"https:\/\/impactodenoticias.com.ar\/?p=13465"},"modified":"2025-05-22T09:36:11","modified_gmt":"2025-05-22T12:36:11","slug":"uno-de-los-dos-cuerpos-encontrados-en-el-rio-parana-pertenece-a-uno-de-los-pescadores-que-estaban-siendo-buscados","status":"publish","type":"post","link":"https:\/\/impactodenoticias.com.ar\/?p=13465","title":{"rendered":"Uno de los dos cuerpos encontrados en el r\u00edo Paran\u00e1 pertenece a uno de los pescadores que estaban siendo buscados"},"content":{"rendered":"\n<h2 class=\"wp-block-heading\">Un cad\u00e1ver fue encontrado en el agua en cercan\u00edas de la ruta a Victoria y con el correr de los minutos se inform\u00f3 que se trata de uno de los pescadores rosarinos buscados desde el \u00faltimo s\u00e1bado.<\/h2>\n\n\n\n<p>Este martes fueron hallados dos cad\u00e1veres en las aguas del Paran\u00e1 y se confirm\u00f3, que uno de ellos corresponde a uno de los tres pescadores rosarinos desaparecidos desde el pasado s\u00e1bado. Se aguarda la identificaci\u00f3n del segundo, que fue encontrado lejos de la zona de b\u00fasqueda.<\/p>\n\n\n\n<p>Fuentes de Prefectura confirmaron que un cuerpo hallado en un brazo cercano a la ruta 174, que une Rosario con Victoria, pertenece a Joselino Valdez Rojas, de origen paraguayo pero radicado hac\u00eda muchos a\u00f1os en la ciudad santafesina, donde form\u00f3 su familia.<\/p>\n\n\n\n<p>El prefecto Juan Pablo Borro confirm\u00f3 desde el lugar del hallazgo a la prensa que la detecci\u00f3n del cuerpo fue \u201ca la altura del riacho La Camiseta, a tres kil\u00f3metros del viaducto Rosario-Victoria, cerca de las 17\u201d. Indic\u00f3 adem\u00e1s que el operativo se suspende de noche pero se reanuda con la primera luz natural del d\u00eda siguiente, alrededor de las 8.<\/p>\n\n\n\n<p>Francisco Javier Areco Grance y Derlis Santa Cruz son los dos pescadores que estaban con Valdez Rojas y que siguen desaparecidos. Sus familiares se encuentran en el kil\u00f3metro 35 desde el domingo, luego de radicar la denuncia, a la espera de m\u00e1s novedades sobre la b\u00fasqueda de paradero.<\/p>\n\n\n\n<p>Este martes, previamente al hallazgo del cuerpo sin vida de Valdez Rojas, personal de Prefectura y de la Polic\u00eda entrerriana encontr\u00f3 la embarcaci\u00f3n en la que estaban los tres y una mochila que ser\u00eda propiedad de uno de ellos. Ambos elementos estaban hundidos en una zona del arroyo de unos cuatro metros de profundidad.<\/p>\n\n\n\n<p>Trascendi\u00f3 que el otro cuerpo encontrado frente a la costa de Fighiera pertenece a un adulto mayor.<\/p>\n","protected":false},"excerpt":{"rendered":"<p>Un cad&aacute;ver fue encontrado en el agua en cercan&iacute;as de la ruta a Victoria y con el correr de los minutos se inform&oacute; que se trata de uno de los pescadores rosarinos buscados desde el &uacute;ltimo s&aacute;bado. Este martes fueron hallados dos cad&aacute;veres en las aguas del Paran&aacute; y se confirm&oacute;, que uno de ellos [&hellip;]<\/p>\n","protected":false},"author":2,"featured_media":13466,"comment_status":"open","ping_status":"open","sticky":false,"template":"","format":"standard","meta":{"footnotes":""},"categories":[8,4],"tags":[260,2988,33,576,5248,1974,5247,568],"class_list":["post-13465","post","type-post","status-publish","format-standard","has-post-thumbnail","hentry","category-policiales","category-provinciales","tag-cuerpo","tag-desaparecido","tag-entre-rios","tag-hallazgo","tag-joselino-valdez-rojas","tag-pescador","tag-rosarino","tag-victoria"],"_links":{"self":[{"href":"https:\/\/impactodenoticias.com.ar\/index.php?rest_route=\/wp\/v2\/posts\/13465","targetHints":{"allow":["GET"]}}],"collection":[{"href":"https:\/\/impactodenoticias.com.ar\/index.php?rest_route=\/wp\/v2\/posts"}],"about":[{"href":"https:\/\/impactodenoticias.com.ar\/index.php?rest_route=\/wp\/v2\/types\/post"}],"author":[{"embeddable":true,"href":"https:\/\/impactodenoticias.com.ar\/index.php?rest_route=\/wp\/v2\/users\/2"}],"replies":[{"embeddable":true,"href":"https:\/\/impactodenoticias.com.ar\/index.php?rest_route=%2Fwp%2Fv2%2Fcomments&post=13465"}],"version-history":[{"count":1,"href":"https:\/\/impactodenoticias.com.ar\/index.php?rest_route=\/wp\/v2\/posts\/13465\/revisions"}],"predecessor-version":[{"id":13467,"href":"https:\/\/impactodenoticias.com.ar\/index.php?rest_route=\/wp\/v2\/posts\/13465\/revisions\/13467"}],"wp:featuredmedia":[{"embeddable":true,"href":"https:\/\/impactodenoticias.com.ar\/index.php?rest_route=\/wp\/v2\/media\/13466"}],"wp:attachment":[{"href":"https:\/\/impactodenoticias.com.ar\/index.php?rest_route=%2Fwp%2Fv2%2Fmedia&parent=13465"}],"wp:term":[{"taxonomy":"category","embeddable":true,"href":"https:\/\/impactodenoticias.com.ar\/index.php?rest_route=%2Fwp%2Fv2%2Fcategories&post=13465"},{"taxonomy":"post_tag","embeddable":true,"href":"https:\/\/impactodenoticias.com.ar\/index.php?rest_route=%2Fwp%2Fv2%2Ftags&post=13465"}],"curies":[{"name":"wp","href":"https:\/\/api.w.org\/{rel}","templated":true}]}}