{"id":13468,"date":"2025-05-21T10:25:25","date_gmt":"2025-05-21T13:25:25","guid":{"rendered":"https:\/\/impactodenoticias.com.ar\/?p=13468"},"modified":"2025-05-22T09:36:37","modified_gmt":"2025-05-22T12:36:37","slug":"ruta-32-asaltaron-a-un-camionero-y-le-sacaron-12-millones-a-un-camionero","status":"publish","type":"post","link":"https:\/\/impactodenoticias.com.ar\/?p=13468","title":{"rendered":"Ruta 32: asaltaron a un camionero y le sacaron $12 millones a un camionero"},"content":{"rendered":"\n<h2 class=\"wp-block-heading\">Mientras circulaba en plena ruta entrerriana, le mostraron un arma desde la ventana y lo obligaron a frenar. Lo golpearon y se alzaron con el dinero.<\/h2>\n\n\n\n<p>Un camionero fue asaltado en plena Ruta 32 en Entre R\u00edos. El chofer tuvo que frenar tras ser amenazado con un arma y le arrebataron $12 millones. El il\u00edcito se produjo esta madrugada a la altura de Estaci\u00f3n Sosa, departamento Paran\u00e1.<\/p>\n\n\n\n<p>Seg\u00fan se inform\u00f3, sucedi\u00f3 cerca de las 3. La v\u00edctima es un hombre de 34 a\u00f1os, domiciliado en la provincia de Corrientes, que se\u00f1al\u00f3 que manejaba un cami\u00f3n Volkswagen cuando divis\u00f3 una camioneta Ford Ranger que se le puso a la par. En ese momento, el acompa\u00f1ante baj\u00f3 el vidrio y le efectu\u00f3 se\u00f1as con un arma de fuego, tipo rev\u00f3lver, con el cual le orden\u00f3 que se bajara a la banquina.<\/p>\n\n\n\n<p>E hombre armado abri\u00f3 la puerta del cami\u00f3n, golpe\u00f3 al conductor en la cabeza y lo empuj\u00f3 hacia atr\u00e1s. Antes de huir, revis\u00f3 el lugar y se llev\u00f3 un paquete que ten\u00eda aproximadamente $12.000.000.<\/p>\n","protected":false},"excerpt":{"rendered":"<p>Mientras circulaba en plena ruta entrerriana, le mostraron un arma desde la ventana y lo obligaron a frenar. Lo golpearon y se alzaron con el dinero. Un camionero fue asaltado en plena Ruta 32 en Entre R&iacute;os. El chofer tuvo que frenar tras ser amenazado con un arma y le arrebataron $12 millones. El il&iacute;cito [&hellip;]<\/p>\n","protected":false},"author":2,"featured_media":13469,"comment_status":"open","ping_status":"open","sticky":false,"template":"","format":"standard","meta":{"footnotes":""},"categories":[8,4],"tags":[5255],"class_list":["post-13468","post","type-post","status-publish","format-standard","has-post-thumbnail","hentry","category-policiales","category-provinciales","tag-ruta-32-camionero-asalto"],"_links":{"self":[{"href":"https:\/\/impactodenoticias.com.ar\/index.php?rest_route=\/wp\/v2\/posts\/13468","targetHints":{"allow":["GET"]}}],"collection":[{"href":"https:\/\/impactodenoticias.com.ar\/index.php?rest_route=\/wp\/v2\/posts"}],"about":[{"href":"https:\/\/impactodenoticias.com.ar\/index.php?rest_route=\/wp\/v2\/types\/post"}],"author":[{"embeddable":true,"href":"https:\/\/impactodenoticias.com.ar\/index.php?rest_route=\/wp\/v2\/users\/2"}],"replies":[{"embeddable":true,"href":"https:\/\/impactodenoticias.com.ar\/index.php?rest_route=%2Fwp%2Fv2%2Fcomments&post=13468"}],"version-history":[{"count":1,"href":"https:\/\/impactodenoticias.com.ar\/index.php?rest_route=\/wp\/v2\/posts\/13468\/revisions"}],"predecessor-version":[{"id":13470,"href":"https:\/\/impactodenoticias.com.ar\/index.php?rest_route=\/wp\/v2\/posts\/13468\/revisions\/13470"}],"wp:featuredmedia":[{"embeddable":true,"href":"https:\/\/impactodenoticias.com.ar\/index.php?rest_route=\/wp\/v2\/media\/13469"}],"wp:attachment":[{"href":"https:\/\/impactodenoticias.com.ar\/index.php?rest_route=%2Fwp%2Fv2%2Fmedia&parent=13468"}],"wp:term":[{"taxonomy":"category","embeddable":true,"href":"https:\/\/impactodenoticias.com.ar\/index.php?rest_route=%2Fwp%2Fv2%2Fcategories&post=13468"},{"taxonomy":"post_tag","embeddable":true,"href":"https:\/\/impactodenoticias.com.ar\/index.php?rest_route=%2Fwp%2Fv2%2Ftags&post=13468"}],"curies":[{"name":"wp","href":"https:\/\/api.w.org\/{rel}","templated":true}]}}