{"id":13483,"date":"2025-05-22T09:35:24","date_gmt":"2025-05-22T12:35:24","guid":{"rendered":"https:\/\/impactodenoticias.com.ar\/?p=13483"},"modified":"2025-05-23T10:54:47","modified_gmt":"2025-05-23T13:54:47","slug":"no-vaya-a-ser-que-terminemos-pidiendo-una-auditoria-a-la-intervencion-de-frigerio-al-iosper-senalo-caceres","status":"publish","type":"post","link":"https:\/\/impactodenoticias.com.ar\/?p=13483","title":{"rendered":"\u201cNo vaya a ser que terminemos pidiendo una auditor\u00eda a la intervenci\u00f3n de Frigerio al IOSPER\u201d, se\u00f1al\u00f3 C\u00e1ceres"},"content":{"rendered":"\n<h2 class=\"wp-block-heading\">El titular del PJ de Entre R\u00edos sali\u00f3 cuestion\u00f3 duramente la creaci\u00f3n de una nueva obra social propuesta por el Gobernador Frigerio.<\/h2>\n\n\n\n<p>Manifest\u00f3 que el gobierno provincial es \u201cpoco serio\u201d y destac\u00f3 la situaci\u00f3n como \u201ccada vez m\u00e1s turbia\u201d. \u201cNo vaya a ser que terminemos pidiendo una auditor\u00eda a la intervenci\u00f3n de Frigerio al IOSPER\u201d, subray\u00f3 C\u00e1ceres y afirm\u00f3 que, \u201cla cosa se pone cada vez m\u00e1s turbia y la actitud violenta con que el ministro y el Gobernador han tratado a las y los afiliados es verdaderamente preocupante\u201d.<\/p>\n\n\n\n<p>Reconoci\u00f3 adem\u00e1s que \u201cdicen que tomaron nota de los reclamos\u201d, pero cuesti\u00f3n: \u201cAcusaron a gremialistas que son parte de la Obra Social, que la han sostenido y defendido, de delitos graves que todav\u00eda la justicia no analiz\u00f3. Dijeron barbaridades de gente que no conocen y las pruebas son lo que ellos dicen con cara de malos, es muy poco serio. Todo eso hace sospechar de las verdaderas intenciones del Gobierno\u201d, se\u00f1al\u00f3, dispar\u00f3.<\/p>\n\n\n\n<p>\u201cEl IOSPER no es del Gobierno, ni del Estado provincial, es de las y los afiliados, es la obra social m\u00e1s importante de Entre R\u00edos y, con 300 mil afiliados, no es algo que se pueda administrar entre funcionarios puestos por el Ejecutivo\u201d, fundament\u00f3 sus cr\u00edticas y a\u00f1adi\u00f3 que: \u201cTambi\u00e9n es cierto que cualquier prepaga ver\u00eda una mina de oro ah\u00ed, entonces, si Frigerio quiere llevar tranquilidad deber\u00eda bajar un poco su agresividad, ser claro y tomar en cuenta la opini\u00f3n de los gremios y los afiliados. A mi entender, no deber\u00eda avanzar con la reconversi\u00f3n que quieren hacer\u201d, indic\u00f3.<\/p>\n\n\n\n<p>Y acot\u00f3 que: \u201cEl verdadero motivo del d\u00e9ficit en que se apoyan como argumento para destruir el IOSPER es que el gobierno de Milei, del cual son c\u00f3mplices, liber\u00f3 el precio de los medicamentos de manera criminal, devalu\u00f3 y destruy\u00f3 el poder adquisitivo de los salarios. Eso dej\u00f3 a mucha gente, principalmente jubilados y jubiladas, sin remedios y provoc\u00f3 un descalabro en la obra social porque tiene una cuota acorde a los ingresos de los trabajadores, que no podr\u00edan seguir la escalada que tuvieron los medicamentos. Ning\u00fan salario puede aumentar 200% en un a\u00f1o y medio, entonces, la cuota de un grupo familiar no alcanza a cubrir el costo si uno s\u00f3lo de los familiares recibe medicamentos cr\u00f3nicos. La soluci\u00f3n a esto no puede ser nunca manotear la caja del IOSPER\u201d, destac\u00f3.<\/p>\n\n\n\n<p>\u201cAhora dicen que van a hacer cambios, pero lo que no aflojan es el control del directorio, y ese es uno de los puntos centrales. El Ejecutivo quiere volver el tiempo atr\u00e1s, es raro, porque dicen que vienen a sacar a la provincia del atraso, pero en el caso del IOSPER quieren volver a la vieja obra social, cuando los trabajadores no ten\u00edan representaci\u00f3n, y los afiliados eran muchos menos. Ser\u00e1 que eso es lo que Frigerio no quiere aflojar\u201d, se burl\u00f3.<\/p>\n\n\n\n<p>Adem\u00e1s reclam\u00f3 que, \u201cdesde que se metieron en la obra social no mejor\u00f3 nada. No se puede justificar el atropello a las y los entrerrianos por los sueldos altos del directorio de la administraci\u00f3n anterior. Lo que pasa es que se encontraron con la resistencia no s\u00f3lo de los gremios, sino de los afiliados sueltos, que no reciben los medicamentos, que se quedaron sin determinadas prestaciones y que siguen pagando plus. Entonces, no es que les importa mejorar la obra social para la gente, est\u00e1n interesados en avanzar en la OSER a como d\u00e9 lugar, y es ah\u00ed donde aparecen las dudas\u201d, remarc\u00f3.<\/p>\n","protected":false},"excerpt":{"rendered":"<p>El titular del PJ de Entre R&iacute;os sali&oacute; cuestion&oacute; duramente la creaci&oacute;n de una nueva obra social propuesta por el Gobernador Frigerio. Manifest&oacute; que el gobierno provincial es &ldquo;poco serio&rdquo; y destac&oacute; la situaci&oacute;n como &ldquo;cada vez m&aacute;s turbia&rdquo;. &ldquo;No vaya a ser que terminemos pidiendo una auditor&iacute;a a la intervenci&oacute;n de Frigerio al IOSPER&rdquo;, [&hellip;]<\/p>\n","protected":false},"author":2,"featured_media":13484,"comment_status":"open","ping_status":"open","sticky":false,"template":"","format":"standard","meta":{"footnotes":""},"categories":[11,4],"tags":[329,506,5078,39],"class_list":["post-13483","post","type-post","status-publish","format-standard","has-post-thumbnail","hentry","category-politica","category-provinciales","tag-iosper","tag-jose-caceres","tag-oser","tag-rogelio-frigerio"],"_links":{"self":[{"href":"https:\/\/impactodenoticias.com.ar\/index.php?rest_route=\/wp\/v2\/posts\/13483","targetHints":{"allow":["GET"]}}],"collection":[{"href":"https:\/\/impactodenoticias.com.ar\/index.php?rest_route=\/wp\/v2\/posts"}],"about":[{"href":"https:\/\/impactodenoticias.com.ar\/index.php?rest_route=\/wp\/v2\/types\/post"}],"author":[{"embeddable":true,"href":"https:\/\/impactodenoticias.com.ar\/index.php?rest_route=\/wp\/v2\/users\/2"}],"replies":[{"embeddable":true,"href":"https:\/\/impactodenoticias.com.ar\/index.php?rest_route=%2Fwp%2Fv2%2Fcomments&post=13483"}],"version-history":[{"count":1,"href":"https:\/\/impactodenoticias.com.ar\/index.php?rest_route=\/wp\/v2\/posts\/13483\/revisions"}],"predecessor-version":[{"id":13485,"href":"https:\/\/impactodenoticias.com.ar\/index.php?rest_route=\/wp\/v2\/posts\/13483\/revisions\/13485"}],"wp:featuredmedia":[{"embeddable":true,"href":"https:\/\/impactodenoticias.com.ar\/index.php?rest_route=\/wp\/v2\/media\/13484"}],"wp:attachment":[{"href":"https:\/\/impactodenoticias.com.ar\/index.php?rest_route=%2Fwp%2Fv2%2Fmedia&parent=13483"}],"wp:term":[{"taxonomy":"category","embeddable":true,"href":"https:\/\/impactodenoticias.com.ar\/index.php?rest_route=%2Fwp%2Fv2%2Fcategories&post=13483"},{"taxonomy":"post_tag","embeddable":true,"href":"https:\/\/impactodenoticias.com.ar\/index.php?rest_route=%2Fwp%2Fv2%2Ftags&post=13483"}],"curies":[{"name":"wp","href":"https:\/\/api.w.org\/{rel}","templated":true}]}}