{"id":13501,"date":"2025-05-23T10:37:51","date_gmt":"2025-05-23T13:37:51","guid":{"rendered":"https:\/\/impactodenoticias.com.ar\/?p=13501"},"modified":"2025-05-25T10:36:51","modified_gmt":"2025-05-25T13:36:51","slug":"continua-este-viernes-continua-la-busqueda-de-la-docente-que-desaparecio-en-san-jose","status":"publish","type":"post","link":"https:\/\/impactodenoticias.com.ar\/?p=13501","title":{"rendered":"Contin\u00faa este viernes contin\u00faa la b\u00fasqueda de la docente que desapareci\u00f3 en San Jos\u00e9"},"content":{"rendered":"\n<h2 class=\"wp-block-heading\">Los operativos de rastillaje que se llevan adelante en la b\u00faesqueda de Lorena Lovera se iniciaron a las 8 y durante esta jornada se extender\u00e1 el radio de acci\u00f3n. La profesora desapareci\u00f3 desde el mi\u00e9rcoles al mediod\u00eda.<\/h2>\n\n\n\n<p>Este viernes se incorporaron efectivos policiales de los departamentos, Federaci\u00f3n, Uruguay. Ayer jueves se sumaron drones, perros rastreadores y personal especializado trasladado desde Paran\u00e1 para intensificar el rastrillaje en zonas clave, como el arroyo Perucho Verne y sectores rurales cercanos a la ciudad.<\/p>\n\n\n\n<p>Ayer se llevaron a cabo operativos de rastreo, llegando por zonas rurales, caminos vecinales y rutas, incluyendo adem\u00e1s diferentes arroyos y puentes de la zona.<\/p>\n\n\n\n<p>La Polic\u00eda se\u00f1al\u00f3 que este jueves, la b\u00fasqueda se reforz\u00f3 con recursos t\u00e9cnicos como el uso de drones de Bomberos Voluntarios San Jos\u00e9 y humanos, incluyendo tambi\u00e9n un rastrillaje con la intervenci\u00f3n de perros inform\u00f3 San Jos\u00e9 Web. Y agregaron que se ampli\u00f3 el radio de rastrillajes colaborando tambi\u00e9n personal de Tr\u00e1nsito Urbano, el municipio y familiares de la mujer. Cabe se\u00f1alar que se arm\u00f3 un centro operativo con gran despliegue de fuerzas de seguridad en la intersecci\u00f3n de la Autov\u00eda Ruta Nacional 14 y el camino a Primero de Mayo.<\/p>\n\n\n\n<p>Desde Bomberos San Jos\u00e9 se puso a disposici\u00f3n todos los recursos necesarios para la b\u00fasqueda. El operativo de rastrillaje se desarroll\u00f3 con m\u00e1s de 30 voluntarios provenientes de los cuarteles de San Jos\u00e9, Col\u00f3n, Concepci\u00f3n del Uruguay, Caseros, Villa Elisa y Chajar\u00ed. La brigada de K9 junto a la brigada de VANT, tambi\u00e9n ofrecieron recursos. La b\u00fasqueda se complement\u00f3 con perros especializados por tierra, rastrillajes peinando grandes superficies con bomberos y la exploraci\u00f3n por aire con drones.<\/p>\n\n\n\n<p>Desde el cuartel local destacaron que el centro de operaciones fue montado sobre la colectora y desde all\u00ed se coordinan y organizan todas las dotaciones de rastrillaje, garantizando as\u00ed la comunicaci\u00f3n segura y adecuada para mantener las medidas de seguridad necesarias.<\/p>\n","protected":false},"excerpt":{"rendered":"<p>Los operativos de rastillaje que se llevan adelante en la b&uacute;esqueda de Lorena Lovera se iniciaron a las 8 y durante esta jornada se extender&aacute; el radio de acci&oacute;n. La profesora desapareci&oacute; desde el mi&eacute;rcoles al mediod&iacute;a. Este viernes se incorporaron efectivos policiales de los departamentos, Federaci&oacute;n, Uruguay. Ayer jueves se sumaron drones, perros rastreadores [&hellip;]<\/p>\n","protected":false},"author":2,"featured_media":13487,"comment_status":"open","ping_status":"open","sticky":false,"template":"","format":"standard","meta":{"footnotes":""},"categories":[8,4],"tags":[251,60,33,5256,390],"class_list":["post-13501","post","type-post","status-publish","format-standard","has-post-thumbnail","hentry","category-policiales","category-provinciales","tag-busqueda","tag-docente","tag-entre-rios","tag-lorena-lovera","tag-san-jose"],"_links":{"self":[{"href":"https:\/\/impactodenoticias.com.ar\/index.php?rest_route=\/wp\/v2\/posts\/13501","targetHints":{"allow":["GET"]}}],"collection":[{"href":"https:\/\/impactodenoticias.com.ar\/index.php?rest_route=\/wp\/v2\/posts"}],"about":[{"href":"https:\/\/impactodenoticias.com.ar\/index.php?rest_route=\/wp\/v2\/types\/post"}],"author":[{"embeddable":true,"href":"https:\/\/impactodenoticias.com.ar\/index.php?rest_route=\/wp\/v2\/users\/2"}],"replies":[{"embeddable":true,"href":"https:\/\/impactodenoticias.com.ar\/index.php?rest_route=%2Fwp%2Fv2%2Fcomments&post=13501"}],"version-history":[{"count":1,"href":"https:\/\/impactodenoticias.com.ar\/index.php?rest_route=\/wp\/v2\/posts\/13501\/revisions"}],"predecessor-version":[{"id":13502,"href":"https:\/\/impactodenoticias.com.ar\/index.php?rest_route=\/wp\/v2\/posts\/13501\/revisions\/13502"}],"wp:featuredmedia":[{"embeddable":true,"href":"https:\/\/impactodenoticias.com.ar\/index.php?rest_route=\/wp\/v2\/media\/13487"}],"wp:attachment":[{"href":"https:\/\/impactodenoticias.com.ar\/index.php?rest_route=%2Fwp%2Fv2%2Fmedia&parent=13501"}],"wp:term":[{"taxonomy":"category","embeddable":true,"href":"https:\/\/impactodenoticias.com.ar\/index.php?rest_route=%2Fwp%2Fv2%2Fcategories&post=13501"},{"taxonomy":"post_tag","embeddable":true,"href":"https:\/\/impactodenoticias.com.ar\/index.php?rest_route=%2Fwp%2Fv2%2Ftags&post=13501"}],"curies":[{"name":"wp","href":"https:\/\/api.w.org\/{rel}","templated":true}]}}