{"id":13511,"date":"2025-05-24T16:34:57","date_gmt":"2025-05-24T19:34:57","guid":{"rendered":"https:\/\/impactodenoticias.com.ar\/?p=13511"},"modified":"2025-05-26T11:02:50","modified_gmt":"2025-05-26T14:02:50","slug":"inician-causa-judicial-contra-los-siete-directores-obreros-en-el-iosper","status":"publish","type":"post","link":"https:\/\/impactodenoticias.com.ar\/?p=13511","title":{"rendered":"Inician causa judicial contra los siete directores obreros en el Iosper"},"content":{"rendered":"\n<h2 class=\"wp-block-heading\">Fuentes judiciales confirmaron la apertura de Causa contra los siete directores obreros del Instituto de Obra Social de la Provincia de Entre R\u00edos (Iosper), luego de la presentaci\u00f3n del Tribunal de Cuentas de Entre R\u00edos que daba cuenta de pago de sobreprecios en la compra de pr\u00f3tesis.<\/h2>\n\n\n\n<p>La investigaci\u00f3n del Ministerio P\u00fablico Fiscal se inicia tras los informes brindados desde la auditor\u00eda de la Comisi\u00f3n Fiscalizadora del Instituto Obra Social de la Provincia de Entre R\u00edos (Iosper).<\/p>\n\n\n\n<p>En abril el gobernador Rogelio Frigerio, en una conferencia de prensa, acompa\u00f1ado por el interventor y el subinterventor del Iosper, Mariano Gallegos y Ricardo Garc\u00eda, hab\u00eda dado a conocer ciertos detalles de la operatoria que deriv\u00f3 en una denuncia por parte de la Comisi\u00f3n Fiscalizadora de la obra social ante el Tribunal de Cuentas.<\/p>\n\n\n\n<p>Indic\u00f3 en la oportunidad, que se deb\u00eda a la falta de entrega de 1.041 pr\u00f3tesis solicitadas por los afiliados y que hab\u00edan sido pagadas durante el a\u00f1o 2024 mediante la modalidad \u00abde c\u00e1pita\u00bb y que eran incluidas por los proveedores en estado de \u00abobservaci\u00f3n\u00bb por demoras de hasta tres meses o falta de entrega a sus destinatarios.<\/p>\n\n\n\n<p>Los encausados son Adriana Hepp, representante de Agmer; Adri\u00e1n G\u00f3mez, de la Federaci\u00f3n de Sindicatos de Trabajadores Municipales (Festram); Clara Luz del Valle Quintero, en representaci\u00f3n de la Federaci\u00f3n de Jubilados y Pensionados de Entre R\u00edos; \u00c1ngel Iturria, por activos y retirados de la Polic\u00eda: Carina Alejandra Isaurralde por los trabajadores de Iosper;y Fabi\u00e1n Monz\u00f3n, de UPCN. Todos encabezados por el exdirector, Fernando Ca\u00f1ete, quienes estuvieron en funciones hasta fin de 2024, cuando el Iosper fue intervenido.<\/p>\n\n\n\n<p>La Comisi\u00f3n Fiscalizadora designada por el Poder Ejecutivo en el Iosper que dio intervenci\u00f3n al Tribunal de Cuentas observ\u00f3 diversas irregularidades en la adquisici\u00f3n de pr\u00f3tesis que no llegaron a los afiliados. En esta irregularidad se investiga la intervenci\u00f3n de la conducci\u00f3n de la obra social destituida por la intervenci\u00f3n y la Asociaci\u00f3n de Proveedores de Ortopedia, Cirug\u00eda e Insumos de Entre R\u00edos (Apocier).<\/p>\n\n\n\n<p>La Comisi\u00f3n Fiscalizadora precisa que el acuerdo prestacional entre Iosper y la Asociaci\u00f3n de Proveedores de Ortopedia est\u00e1 enmarcado en la resoluci\u00f3n del directorio de la obra social N\u00b0121\/2016, que en su cl\u00e1usula primera estableci\u00f3: \u201cEl prestador se compromete a proveer a los beneficiarios de Iosper las pr\u00f3tesis y material prot\u00e9sico que los mismos requiera, incluidos en el Anexo I, sin l\u00edmite de cantidad ni cupo mensual. La provisi\u00f3n ser\u00e1n brindada por el prestador en un plazo m\u00e1ximo de 48 horas, poniendo a disposici\u00f3n de las Cl\u00ednicas y Sanatorios e Instituciones pertenecientes al padr\u00f3n de prestadores de Iosper, las pr\u00f3tesis solicitadas de acuerdo a los procedimientos previstos en el presente\u201d.<\/p>\n\n\n\n<p>No obstante, de la auditor\u00eda se desprende que al 10 diciembre de 2024 Iosper ten\u00eda un total de 1.022 cirug\u00edas pendientes en el sistema por falta de entrega del elemento requerido (pr\u00f3tesis\/material prot\u00e9sico); 1.441, cumplimentando, hasta dicha fecha, sin objeci\u00f3n con el pago de la c\u00e1pita\u00bb.<\/p>\n","protected":false},"excerpt":{"rendered":"<p>Fuentes judiciales confirmaron la apertura de Causa contra los siete directores obreros del Instituto de Obra Social de la Provincia de Entre R&iacute;os (Iosper), luego de la presentaci&oacute;n del Tribunal de Cuentas de Entre R&iacute;os que daba cuenta de pago de sobreprecios en la compra de pr&oacute;tesis. La investigaci&oacute;n del Ministerio P&uacute;blico Fiscal se inicia [&hellip;]<\/p>\n","protected":false},"author":2,"featured_media":13513,"comment_status":"open","ping_status":"open","sticky":false,"template":"","format":"standard","meta":{"footnotes":""},"categories":[90,11,4],"tags":[3430,5272,5273,2074,5271,5269,5274,1835,329,1852,39,1766],"class_list":["post-13511","post","type-post","status-publish","format-standard","has-post-thumbnail","hentry","category-judicial","category-politica","category-provinciales","tag-adrian-gomez","tag-angel-iturria","tag-carina-alejandra-isaurralde","tag-causa","tag-clara-luz-del-valle-quintero","tag-directores","tag-fabian-monzon","tag-fernando-canete","tag-iosper","tag-judicial","tag-rogelio-frigerio","tag-tribunal-de-cuentas"],"_links":{"self":[{"href":"https:\/\/impactodenoticias.com.ar\/index.php?rest_route=\/wp\/v2\/posts\/13511","targetHints":{"allow":["GET"]}}],"collection":[{"href":"https:\/\/impactodenoticias.com.ar\/index.php?rest_route=\/wp\/v2\/posts"}],"about":[{"href":"https:\/\/impactodenoticias.com.ar\/index.php?rest_route=\/wp\/v2\/types\/post"}],"author":[{"embeddable":true,"href":"https:\/\/impactodenoticias.com.ar\/index.php?rest_route=\/wp\/v2\/users\/2"}],"replies":[{"embeddable":true,"href":"https:\/\/impactodenoticias.com.ar\/index.php?rest_route=%2Fwp%2Fv2%2Fcomments&post=13511"}],"version-history":[{"count":1,"href":"https:\/\/impactodenoticias.com.ar\/index.php?rest_route=\/wp\/v2\/posts\/13511\/revisions"}],"predecessor-version":[{"id":13514,"href":"https:\/\/impactodenoticias.com.ar\/index.php?rest_route=\/wp\/v2\/posts\/13511\/revisions\/13514"}],"wp:featuredmedia":[{"embeddable":true,"href":"https:\/\/impactodenoticias.com.ar\/index.php?rest_route=\/wp\/v2\/media\/13513"}],"wp:attachment":[{"href":"https:\/\/impactodenoticias.com.ar\/index.php?rest_route=%2Fwp%2Fv2%2Fmedia&parent=13511"}],"wp:term":[{"taxonomy":"category","embeddable":true,"href":"https:\/\/impactodenoticias.com.ar\/index.php?rest_route=%2Fwp%2Fv2%2Fcategories&post=13511"},{"taxonomy":"post_tag","embeddable":true,"href":"https:\/\/impactodenoticias.com.ar\/index.php?rest_route=%2Fwp%2Fv2%2Ftags&post=13511"}],"curies":[{"name":"wp","href":"https:\/\/api.w.org\/{rel}","templated":true}]}}