{"id":13524,"date":"2025-05-26T10:51:50","date_gmt":"2025-05-26T13:51:50","guid":{"rendered":"https:\/\/impactodenoticias.com.ar\/?p=13524"},"modified":"2025-05-27T14:22:40","modified_gmt":"2025-05-27T17:22:40","slug":"el-cge-recupero-una-propiedad-en-concordia-que-habria-sido-usurpada-en-2022","status":"publish","type":"post","link":"https:\/\/impactodenoticias.com.ar\/?p=13524","title":{"rendered":"El CGE recuper\u00f3 una propiedad en Concordia que habr\u00eda sido usurpada en 2022"},"content":{"rendered":"\n<h2 class=\"wp-block-heading\">Tras un proceso judicial, el Consejo General de Educaci\u00f3n, retom\u00f3 la posesi\u00f3n de una finca heredada y ubicada en la zona c\u00e9ntrica de la ciudad de Concordia, que habr\u00eda sido ocupada ilegalmente.<\/h2>\n\n\n\n<p>En el marco del expediente judicial \u00abRomero, Alejo y Romero, Juana Felisa s\/ Sucesorio ab intestato\u00bb, iniciado en el Juzgado Civil y Comercial N\u00ba2 de Concordia, el Consejo General de Educaci\u00f3n (CGE) recuper\u00f3 la posesi\u00f3n de la propiedad en calle Rawson N\u00ba 143, en pleno centro de la ciudad del \u00abCitrus\u00bb.<\/p>\n\n\n\n<p>Segun precisaron desde el gobierno provincial, el judicial comenz\u00f3 el 27 de septiembre de 2022, \u201ccuando se alert\u00f3 sobre la ocupaci\u00f3n ileg\u00edtima de la vivienda por parte de personas desconocidas que pretend\u00edan quedarse con ella sin tener derechos legales sobre la propiedad\u201d.<\/p>\n\n\n\n<p>Sobre este tema, la presidenta del CGE, Alicia Fregonese, destac\u00f3 que \u201cen conjunto con el gobierno, estamos trabajando con responsabilidad y firme compromiso para recuperar los bienes del Estado, entendiendo que cada acci\u00f3n en este sentido es una verdadera inversi\u00f3n en el futuro de nuestra provincia. Gracias a un trabajo serio, legal y sostenido, hoy logramos recuperar esta casa para ponerla al servicio de la educaci\u00f3n entrerriana\u00bb, agreg\u00f3.<\/p>\n\n\n\n<p>En la \u00faltima semana, los usurpadores de la propiedad se retiraron y se entreg\u00f3 la posesi\u00f3n formal de la misma al CGE.<\/p>\n","protected":false},"excerpt":{"rendered":"<p>Tras un proceso judicial, el Consejo General de Educaci&oacute;n, retom&oacute; la posesi&oacute;n de una finca heredada y ubicada en la zona c&eacute;ntrica de la ciudad de Concordia, que habr&iacute;a sido ocupada ilegalmente. En el marco del expediente judicial &laquo;Romero, Alejo y Romero, Juana Felisa s\/ Sucesorio ab intestato&raquo;, iniciado en el Juzgado Civil y Comercial [&hellip;]<\/p>\n","protected":false},"author":2,"featured_media":13525,"comment_status":"open","ping_status":"open","sticky":false,"template":"","format":"standard","meta":{"footnotes":""},"categories":[90,4],"tags":[1410,72,5277,2871,5278],"class_list":["post-13524","post","type-post","status-publish","format-standard","has-post-thumbnail","hentry","category-judicial","category-provinciales","tag-cge","tag-concordia","tag-propiedad","tag-recupero","tag-usurpada"],"_links":{"self":[{"href":"https:\/\/impactodenoticias.com.ar\/index.php?rest_route=\/wp\/v2\/posts\/13524","targetHints":{"allow":["GET"]}}],"collection":[{"href":"https:\/\/impactodenoticias.com.ar\/index.php?rest_route=\/wp\/v2\/posts"}],"about":[{"href":"https:\/\/impactodenoticias.com.ar\/index.php?rest_route=\/wp\/v2\/types\/post"}],"author":[{"embeddable":true,"href":"https:\/\/impactodenoticias.com.ar\/index.php?rest_route=\/wp\/v2\/users\/2"}],"replies":[{"embeddable":true,"href":"https:\/\/impactodenoticias.com.ar\/index.php?rest_route=%2Fwp%2Fv2%2Fcomments&post=13524"}],"version-history":[{"count":2,"href":"https:\/\/impactodenoticias.com.ar\/index.php?rest_route=\/wp\/v2\/posts\/13524\/revisions"}],"predecessor-version":[{"id":13527,"href":"https:\/\/impactodenoticias.com.ar\/index.php?rest_route=\/wp\/v2\/posts\/13524\/revisions\/13527"}],"wp:featuredmedia":[{"embeddable":true,"href":"https:\/\/impactodenoticias.com.ar\/index.php?rest_route=\/wp\/v2\/media\/13525"}],"wp:attachment":[{"href":"https:\/\/impactodenoticias.com.ar\/index.php?rest_route=%2Fwp%2Fv2%2Fmedia&parent=13524"}],"wp:term":[{"taxonomy":"category","embeddable":true,"href":"https:\/\/impactodenoticias.com.ar\/index.php?rest_route=%2Fwp%2Fv2%2Fcategories&post=13524"},{"taxonomy":"post_tag","embeddable":true,"href":"https:\/\/impactodenoticias.com.ar\/index.php?rest_route=%2Fwp%2Fv2%2Ftags&post=13524"}],"curies":[{"name":"wp","href":"https:\/\/api.w.org\/{rel}","templated":true}]}}