{"id":13539,"date":"2025-05-26T18:09:36","date_gmt":"2025-05-26T21:09:36","guid":{"rendered":"https:\/\/impactodenoticias.com.ar\/?p=13539"},"modified":"2025-05-28T11:25:41","modified_gmt":"2025-05-28T14:25:41","slug":"parana-buscan-intensamente-a-una-nena-de-13-anos-de-quien-no-se-conoce-el-paradero","status":"publish","type":"post","link":"https:\/\/impactodenoticias.com.ar\/?p=13539","title":{"rendered":"Paran\u00e1: buscan intensamente a una nena de 13 a\u00f1os de quien no se conoce el paradero"},"content":{"rendered":"\n<h2 class=\"wp-block-heading\">Buscan en Paran\u00e1 a Morena Agostina Valin, de 13 a\u00f1os. Desde la Justicia entrerriana se\u00f1alaron que se desconoce su paradero y solicitaron ayuda de la poblaci\u00f3n para su localizaci\u00f3n.<\/h2>\n\n\n\n<p>Se inform\u00f3 que la nena mide 1,60 metros, es robusta, de tez blanca, ojos marrones, pelo oscuro largo con flequillo, que no posee tatuajes ni piercing. Vest\u00eda jeans azul ancho, remera mangas tipo pupera, clara \u201ccremita\u201d, zapatillas marca Nike blancas con detalles en rosa.<\/p>\n\n\n\n<p>Cualquier informaci\u00f3n sobre su paradero se pide sea suministrado de forma urgente al 911, a la Mesa de Informaci\u00f3n Permanente del Poder Judicial (0800 444 6372) o comunic\u00e1ndose al tel\u00e9fono de Divisi\u00f3n Minoridad (0343) 4209195.<\/p>\n","protected":false},"excerpt":{"rendered":"<p>Buscan en Paran&aacute; a Morena Agostina Valin, de 13 a&ntilde;os. Desde la Justicia entrerriana se&ntilde;alaron que se desconoce su paradero y solicitaron ayuda de la poblaci&oacute;n para su localizaci&oacute;n. Se inform&oacute; que la nena mide 1,60 metros, es robusta, de tez blanca, ojos marrones, pelo oscuro largo con flequillo, que no posee tatuajes ni piercing. [&hellip;]<\/p>\n","protected":false},"author":2,"featured_media":13540,"comment_status":"open","ping_status":"open","sticky":false,"template":"","format":"standard","meta":{"footnotes":""},"categories":[3,8,49],"tags":[251,5286,499,95],"class_list":["post-13539","post","type-post","status-publish","format-standard","has-post-thumbnail","hentry","category-locales","category-policiales","category-sociedad","tag-busqueda","tag-morena-agostina-valin","tag-nena","tag-parana"],"_links":{"self":[{"href":"https:\/\/impactodenoticias.com.ar\/index.php?rest_route=\/wp\/v2\/posts\/13539","targetHints":{"allow":["GET"]}}],"collection":[{"href":"https:\/\/impactodenoticias.com.ar\/index.php?rest_route=\/wp\/v2\/posts"}],"about":[{"href":"https:\/\/impactodenoticias.com.ar\/index.php?rest_route=\/wp\/v2\/types\/post"}],"author":[{"embeddable":true,"href":"https:\/\/impactodenoticias.com.ar\/index.php?rest_route=\/wp\/v2\/users\/2"}],"replies":[{"embeddable":true,"href":"https:\/\/impactodenoticias.com.ar\/index.php?rest_route=%2Fwp%2Fv2%2Fcomments&post=13539"}],"version-history":[{"count":1,"href":"https:\/\/impactodenoticias.com.ar\/index.php?rest_route=\/wp\/v2\/posts\/13539\/revisions"}],"predecessor-version":[{"id":13541,"href":"https:\/\/impactodenoticias.com.ar\/index.php?rest_route=\/wp\/v2\/posts\/13539\/revisions\/13541"}],"wp:featuredmedia":[{"embeddable":true,"href":"https:\/\/impactodenoticias.com.ar\/index.php?rest_route=\/wp\/v2\/media\/13540"}],"wp:attachment":[{"href":"https:\/\/impactodenoticias.com.ar\/index.php?rest_route=%2Fwp%2Fv2%2Fmedia&parent=13539"}],"wp:term":[{"taxonomy":"category","embeddable":true,"href":"https:\/\/impactodenoticias.com.ar\/index.php?rest_route=%2Fwp%2Fv2%2Fcategories&post=13539"},{"taxonomy":"post_tag","embeddable":true,"href":"https:\/\/impactodenoticias.com.ar\/index.php?rest_route=%2Fwp%2Fv2%2Ftags&post=13539"}],"curies":[{"name":"wp","href":"https:\/\/api.w.org\/{rel}","templated":true}]}}