{"id":13559,"date":"2025-05-28T10:06:30","date_gmt":"2025-05-28T13:06:30","guid":{"rendered":"https:\/\/impactodenoticias.com.ar\/?p=13559"},"modified":"2025-05-29T18:10:52","modified_gmt":"2025-05-29T21:10:52","slug":"victoria-encontraron-el-cuerpo-del-tercer-pescador-que-habia-desaparecido-dias-atras","status":"publish","type":"post","link":"https:\/\/impactodenoticias.com.ar\/?p=13559","title":{"rendered":"Victoria: encontraron el cuerpo del tercer pescador que hab\u00eda desaparecido d\u00edas atr\u00e1s"},"content":{"rendered":"\n<h2 class=\"wp-block-heading\">Luego de once d\u00edas de b\u00fasqueda, este martes a la tarde hallaron el cuerpo sin vida del tercer pescador, que estaba desaparecido desde el s\u00e1bado 17 de mayo junto a dos compa\u00f1eros en un brazo del r\u00edo Paran\u00e1 en cercan\u00eda de la ruta 174 que une Victoria con Rosario. Familiares que se encontraban en el lugar desde d\u00edas atr\u00e1s, confirmaron que se trata de Derlis Santa Cruz.<\/h2>\n\n\n\n<p>El hallazgo se dio por otros pescadores en un sector cercano a donde fueron encontrados la semana pasada, entre martes y mi\u00e9rcoles, los otros dos hombres, Joselino Valdez Rojas y Francisco Javier Areco Grance. Fue a la altura del kil\u00f3metro 35 de la traza.<\/p>\n\n\n\n<p>El mi\u00e9rcoles pasado en horas del mediod\u00eda, hab\u00eda sido encontrado el cuerpo sin vida del segundo de los tres pescadores rosarinos desaparecidos, identificado como Francisco Javier Areco Grance.<\/p>\n\n\n\n<p>Los familiares de Francisco confirmaron que el hallazgo se produjo cerca del mediod\u00eda y el sobrino del pescador fallecido, de nombre El\u00edas, indic\u00f3 que ten\u00edan previsto trasladar los restos a Paraguay para que su familia pueda despedirlo.<\/p>\n\n\n\n<p>Un d\u00eda antes, Prefectura encontr\u00f3 en la misma zona el cad\u00e1ver de Joselino Valdez Rojas. En ese lugar fue encontrada poco antes la embarcaci\u00f3n en la que estaban los tres y una mochila. Ambos elementos estaban hundidos en una zona del arroyo de alrededor de cuatro metros de profundidad.<\/p>\n\n\n\n<p>Los tres pescadores salieron desde Rosario a la zona ribere\u00f1a a las 10 del s\u00e1bado 17 de mayo, en una camioneta. Pasadas unas horas, al notar que no regresaban ni respond\u00edan los mensajes, sus allegados hicieron la denuncia ante la Prefectura.<\/p>\n\n\n\n<p>\u201cTen\u00edan que regresar el s\u00e1bado, cuando llueve ellos enseguida se vuelven. Adem\u00e1s, era el cumplea\u00f1os de uno de ellos e iban a volver temprano\u201d, explic\u00f3 la esposa de uno de los hombres buscados durantes los primeros d\u00edas de b\u00fasqueda.<\/p>\n","protected":false},"excerpt":{"rendered":"<p>Luego de once d&iacute;as de b&uacute;squeda, este martes a la tarde hallaron el cuerpo sin vida del tercer pescador, que estaba desaparecido desde el s&aacute;bado 17 de mayo junto a dos compa&ntilde;eros en un brazo del r&iacute;o Paran&aacute; en cercan&iacute;a de la ruta 174 que une Victoria con Rosario. Familiares que se encontraban en el [&hellip;]<\/p>\n","protected":false},"author":2,"featured_media":13436,"comment_status":"open","ping_status":"open","sticky":false,"template":"","format":"standard","meta":{"footnotes":""},"categories":[8,4],"tags":[260,576,1974,118,568],"class_list":["post-13559","post","type-post","status-publish","format-standard","has-post-thumbnail","hentry","category-policiales","category-provinciales","tag-cuerpo","tag-hallazgo","tag-pescador","tag-policiales","tag-victoria"],"_links":{"self":[{"href":"https:\/\/impactodenoticias.com.ar\/index.php?rest_route=\/wp\/v2\/posts\/13559","targetHints":{"allow":["GET"]}}],"collection":[{"href":"https:\/\/impactodenoticias.com.ar\/index.php?rest_route=\/wp\/v2\/posts"}],"about":[{"href":"https:\/\/impactodenoticias.com.ar\/index.php?rest_route=\/wp\/v2\/types\/post"}],"author":[{"embeddable":true,"href":"https:\/\/impactodenoticias.com.ar\/index.php?rest_route=\/wp\/v2\/users\/2"}],"replies":[{"embeddable":true,"href":"https:\/\/impactodenoticias.com.ar\/index.php?rest_route=%2Fwp%2Fv2%2Fcomments&post=13559"}],"version-history":[{"count":1,"href":"https:\/\/impactodenoticias.com.ar\/index.php?rest_route=\/wp\/v2\/posts\/13559\/revisions"}],"predecessor-version":[{"id":13560,"href":"https:\/\/impactodenoticias.com.ar\/index.php?rest_route=\/wp\/v2\/posts\/13559\/revisions\/13560"}],"wp:featuredmedia":[{"embeddable":true,"href":"https:\/\/impactodenoticias.com.ar\/index.php?rest_route=\/wp\/v2\/media\/13436"}],"wp:attachment":[{"href":"https:\/\/impactodenoticias.com.ar\/index.php?rest_route=%2Fwp%2Fv2%2Fmedia&parent=13559"}],"wp:term":[{"taxonomy":"category","embeddable":true,"href":"https:\/\/impactodenoticias.com.ar\/index.php?rest_route=%2Fwp%2Fv2%2Fcategories&post=13559"},{"taxonomy":"post_tag","embeddable":true,"href":"https:\/\/impactodenoticias.com.ar\/index.php?rest_route=%2Fwp%2Fv2%2Ftags&post=13559"}],"curies":[{"name":"wp","href":"https:\/\/api.w.org\/{rel}","templated":true}]}}