{"id":13567,"date":"2025-05-28T11:06:52","date_gmt":"2025-05-28T14:06:52","guid":{"rendered":"https:\/\/impactodenoticias.com.ar\/?p=13567"},"modified":"2025-05-29T18:10:44","modified_gmt":"2025-05-29T21:10:44","slug":"desde-el-pj-de-entre-rios-solicitaron-a-los-legisladores-rechazar-el-proyecto-de-la-nueva-obra-social","status":"publish","type":"post","link":"https:\/\/impactodenoticias.com.ar\/?p=13567","title":{"rendered":"Desde el PJ de Entre R\u00edos solicitaron a los legisladores rechazar el proyecto de la nueva obra social"},"content":{"rendered":"\n<h2 class=\"wp-block-heading\">\u00abDe ninguna manera podemos avalar este atropello\u00bb, se\u00f1alaron desde el partido, a pocas horas del tratamiento del proyecto en el Senado.<\/h2>\n\n\n\n<p>Desde el Consejo Provincial del Partido Justicialista (PJ) en Entre R\u00edos comunicaron que \u201cpor mayor\u00eda\u201d, se resolvi\u00f3: \u201cRechazar la iniciativa del Gobierno provincial que intenta suprimir la obra social de las y los trabajadores del Estado para crear un nuevo organismo bajo control del Ejecutivo\u201d.<\/p>\n\n\n\n<p>\u201cEl Iosper es de las y los trabajadores y sus familias\u201d, expresaron mediante un comunicado en el que cuestionaron que \u201cel intento de reemplazar la obra social por la denominada OSER, avanza sobre los derechos de afiliados y afiliadas, pese a la resistencia de la mayor\u00eda de ellos\u201d.<\/p>\n\n\n\n<p>Y agregaron que: \u201cEsta actitud ha generado un enfrentamiento lamentable en nuestra sociedad, y pone en duda las verdaderas intenciones del Gobierno, obstinado en conseguir su objetivo a como d\u00e9 lugar\u201d. \u201cDe ninguna manera podemos avalar este atropello\u201d, destacaron.<\/p>\n\n\n\n<p>\u201cEn ese sentido, convocamos a nuestros legisladores y legisladoras a rechazar el proyecto\u201d, se\u00f1alaron, y apelaron a lo que interpretan como, \u201cel lugar de oposici\u00f3n que la voluntad popular le ha confiado al Justicialismo. As\u00ed mismo llamamos a todas las fuerzas pol\u00edticas a defender el Iosper y trabajar para devolverle a las y los entrerrianos una obra social de calidad que refuerce su funci\u00f3n social y su esp\u00edritu solidario\u201d.<\/p>\n\n\n\n<p>Subrayaron adem\u00e1s que: \u201cNuestra historia nos ense\u00f1a que el af\u00e1n fundacional que hoy enarbola el Gobierno provincial ha generado las peores calamidades para nuestra sociedad. Todo sistema es perfectible cuando se lo mira con honestidad, responsabilidad y respeto, pero nada bueno puede salir del autoritarismo, la soberbia y la mentira\u201d, concluyeron.<\/p>\n","protected":false},"excerpt":{"rendered":"<p>&laquo;De ninguna manera podemos avalar este atropello&raquo;, se&ntilde;alaron desde el partido, a pocas horas del tratamiento del proyecto en el Senado. Desde el Consejo Provincial del Partido Justicialista (PJ) en Entre R&iacute;os comunicaron que &ldquo;por mayor&iacute;a&rdquo;, se resolvi&oacute;: &ldquo;Rechazar la iniciativa del Gobierno provincial que intenta suprimir la obra social de las y los trabajadores [&hellip;]<\/p>\n","protected":false},"author":2,"featured_media":13568,"comment_status":"open","ping_status":"open","sticky":false,"template":"","format":"standard","meta":{"footnotes":""},"categories":[11,4],"tags":[33,5078,382,288,3717],"class_list":["post-13567","post","type-post","status-publish","format-standard","has-post-thumbnail","hentry","category-politica","category-provinciales","tag-entre-rios","tag-oser","tag-pj","tag-senado","tag-votacion"],"_links":{"self":[{"href":"https:\/\/impactodenoticias.com.ar\/index.php?rest_route=\/wp\/v2\/posts\/13567","targetHints":{"allow":["GET"]}}],"collection":[{"href":"https:\/\/impactodenoticias.com.ar\/index.php?rest_route=\/wp\/v2\/posts"}],"about":[{"href":"https:\/\/impactodenoticias.com.ar\/index.php?rest_route=\/wp\/v2\/types\/post"}],"author":[{"embeddable":true,"href":"https:\/\/impactodenoticias.com.ar\/index.php?rest_route=\/wp\/v2\/users\/2"}],"replies":[{"embeddable":true,"href":"https:\/\/impactodenoticias.com.ar\/index.php?rest_route=%2Fwp%2Fv2%2Fcomments&post=13567"}],"version-history":[{"count":1,"href":"https:\/\/impactodenoticias.com.ar\/index.php?rest_route=\/wp\/v2\/posts\/13567\/revisions"}],"predecessor-version":[{"id":13569,"href":"https:\/\/impactodenoticias.com.ar\/index.php?rest_route=\/wp\/v2\/posts\/13567\/revisions\/13569"}],"wp:featuredmedia":[{"embeddable":true,"href":"https:\/\/impactodenoticias.com.ar\/index.php?rest_route=\/wp\/v2\/media\/13568"}],"wp:attachment":[{"href":"https:\/\/impactodenoticias.com.ar\/index.php?rest_route=%2Fwp%2Fv2%2Fmedia&parent=13567"}],"wp:term":[{"taxonomy":"category","embeddable":true,"href":"https:\/\/impactodenoticias.com.ar\/index.php?rest_route=%2Fwp%2Fv2%2Fcategories&post=13567"},{"taxonomy":"post_tag","embeddable":true,"href":"https:\/\/impactodenoticias.com.ar\/index.php?rest_route=%2Fwp%2Fv2%2Ftags&post=13567"}],"curies":[{"name":"wp","href":"https:\/\/api.w.org\/{rel}","templated":true}]}}