{"id":13570,"date":"2025-05-28T11:20:21","date_gmt":"2025-05-28T14:20:21","guid":{"rendered":"https:\/\/impactodenoticias.com.ar\/?p=13570"},"modified":"2025-05-29T18:10:41","modified_gmt":"2025-05-29T21:10:41","slug":"la-creacion-de-la-nueva-obra-social-oser-se-vota-este-mediodia-en-el-senado","status":"publish","type":"post","link":"https:\/\/impactodenoticias.com.ar\/?p=13570","title":{"rendered":"La creaci\u00f3n de la nueva obra social OSER se vota este mediod\u00eda en el Senado"},"content":{"rendered":"\n<h2 class=\"wp-block-heading\">El proyecto de ley de autor\u00eda del Ejecutivo, por el cual se crea la Obra Social de Entre R\u00edos (OSER), tom\u00f3 estado parlamentario en la C\u00e1mara de Senadores de la provincia, donde ingres\u00f3 anoche con dictamen de mayor\u00eda y minor\u00eda. El mismo se someter\u00e1 a votaci\u00f3n este mi\u00e9rcoles a partir de las 13.<\/h2>\n\n\n\n<p>En la sesi\u00f3n se comunic\u00f3 el ingreso del expediente n\u00b0 15.313, proyecto de ley de autor\u00eda del Poder Ejecutivo, por el cual se crea la Obra Social de Entre R\u00edos (OSER) y que contaba con dictamen de mayor\u00eda y minor\u00eda.<\/p>\n\n\n\n<p>Sobre el tema el senador Mart\u00edn Oliva (Uruguay \u2013 M\u00e1s para Entre R\u00edos), solicit\u00f3 una moci\u00f3n para solicitar que el proyecto sea derivado a la Comisi\u00f3n de Legislaci\u00f3n General \u201cpor un vicio de origen\u201d. \u201cLa nulidad tiene que ver con la firma de \u00fanicamente 4 de los 9 legisladores que integran la Comisi\u00f3n\u201d, indic\u00f3.<\/p>\n\n\n\n<p>Por su parte el senador Rub\u00e9n Dal Mol\u00edn (Federaci\u00f3n \u2013 Juntos por Entre R\u00edos) argument\u00f3: \u201cHa quedado muy claro en la Comisi\u00f3n y cuenta en acta c\u00f3mo se resolvi\u00f3. Por cuanto, nos oponemos a esta posici\u00f3n del presidente y queremos que siga el ingreso para la siguiente orden del d\u00eda\u201d.<\/p>\n\n\n\n<p>El cuerpo aprob\u00f3 finalmente la moci\u00f3n del senador Dal Mol\u00edn, siendo 9 votos a favor; 7 votos en contra; y una abstenci\u00f3n.<\/p>\n\n\n\n<p>Como estaba previsto la iniciativa ser\u00e1 sometida a votaci\u00f3n en la sesi\u00f3n ordinaria de este mi\u00e9rcoles a las 13.<\/p>\n","protected":false},"excerpt":{"rendered":"<p>El proyecto de ley de autor&iacute;a del Ejecutivo, por el cual se crea la Obra Social de Entre R&iacute;os (OSER), tom&oacute; estado parlamentario en la C&aacute;mara de Senadores de la provincia, donde ingres&oacute; anoche con dictamen de mayor&iacute;a y minor&iacute;a. El mismo se someter&aacute; a votaci&oacute;n este mi&eacute;rcoles a partir de las 13. En la [&hellip;]<\/p>\n","protected":false},"author":2,"featured_media":13571,"comment_status":"open","ping_status":"open","sticky":false,"template":"","format":"standard","meta":{"footnotes":""},"categories":[11,4],"tags":[5078,288,3717],"class_list":["post-13570","post","type-post","status-publish","format-standard","has-post-thumbnail","hentry","category-politica","category-provinciales","tag-oser","tag-senado","tag-votacion"],"_links":{"self":[{"href":"https:\/\/impactodenoticias.com.ar\/index.php?rest_route=\/wp\/v2\/posts\/13570","targetHints":{"allow":["GET"]}}],"collection":[{"href":"https:\/\/impactodenoticias.com.ar\/index.php?rest_route=\/wp\/v2\/posts"}],"about":[{"href":"https:\/\/impactodenoticias.com.ar\/index.php?rest_route=\/wp\/v2\/types\/post"}],"author":[{"embeddable":true,"href":"https:\/\/impactodenoticias.com.ar\/index.php?rest_route=\/wp\/v2\/users\/2"}],"replies":[{"embeddable":true,"href":"https:\/\/impactodenoticias.com.ar\/index.php?rest_route=%2Fwp%2Fv2%2Fcomments&post=13570"}],"version-history":[{"count":1,"href":"https:\/\/impactodenoticias.com.ar\/index.php?rest_route=\/wp\/v2\/posts\/13570\/revisions"}],"predecessor-version":[{"id":13572,"href":"https:\/\/impactodenoticias.com.ar\/index.php?rest_route=\/wp\/v2\/posts\/13570\/revisions\/13572"}],"wp:featuredmedia":[{"embeddable":true,"href":"https:\/\/impactodenoticias.com.ar\/index.php?rest_route=\/wp\/v2\/media\/13571"}],"wp:attachment":[{"href":"https:\/\/impactodenoticias.com.ar\/index.php?rest_route=%2Fwp%2Fv2%2Fmedia&parent=13570"}],"wp:term":[{"taxonomy":"category","embeddable":true,"href":"https:\/\/impactodenoticias.com.ar\/index.php?rest_route=%2Fwp%2Fv2%2Fcategories&post=13570"},{"taxonomy":"post_tag","embeddable":true,"href":"https:\/\/impactodenoticias.com.ar\/index.php?rest_route=%2Fwp%2Fv2%2Ftags&post=13570"}],"curies":[{"name":"wp","href":"https:\/\/api.w.org\/{rel}","templated":true}]}}