{"id":13581,"date":"2025-05-28T18:05:25","date_gmt":"2025-05-28T21:05:25","guid":{"rendered":"https:\/\/impactodenoticias.com.ar\/?p=13581"},"modified":"2025-05-29T18:10:33","modified_gmt":"2025-05-29T21:10:33","slug":"buscan-intensamente-en-parana-y-zonas-aledanas-a-una-joven-de-16-anos-que-el-lunes-se-ausento-de-una-residencia-del-copnaf","status":"publish","type":"post","link":"https:\/\/impactodenoticias.com.ar\/?p=13581","title":{"rendered":"Buscan intensamente en Paran\u00e1 y zonas aleda\u00f1as a una joven de 16 a\u00f1os que el lunes se ausent\u00f3 de una residencia del Copnaf"},"content":{"rendered":"\n<h2 class=\"wp-block-heading\">La Unidad Fiscal de Ni\u00f1os, Ni\u00f1as y Adolescentes de Paran\u00e1 solicita la colaboraci\u00f3n de la ciudadan\u00eda para dar con el paradero de Morena Candela Sof\u00eda Ovejero, de 16 a\u00f1os.<\/h2>\n\n\n\n<p>La joven se retir\u00f3 el d\u00eda lunes de la Residencia \u00abLa Cigarra\u00bb, de Paran\u00e1, a cargo del Consejo Provincial del Ni\u00f1o, el Adolescente y la Familia (Copnaf).<\/p>\n\n\n\n<p>Al momento de ausentarse Morena, vest\u00eda buzo marr\u00f3n, jean claro y zapatillas negras y blancas.<\/p>\n\n\n\n<p>Cualquier informaci\u00f3n sobre su probable paradero puede suministrarse al 911, a la Mesa de Informaci\u00f3n Permanente del Poder Judicial (0800 444 6372) o comunic\u00e1ndose al tel\u00e9fono de la Divisi\u00f3n Minoridad (0343 4209195).\u00a0<\/p>\n","protected":false},"excerpt":{"rendered":"<p>La Unidad Fiscal de Ni&ntilde;os, Ni&ntilde;as y Adolescentes de Paran&aacute; solicita la colaboraci&oacute;n de la ciudadan&iacute;a para dar con el paradero de Morena Candela Sof&iacute;a Ovejero, de 16 a&ntilde;os. La joven se retir&oacute; el d&iacute;a lunes de la Residencia &laquo;La Cigarra&raquo;, de Paran&aacute;, a cargo del Consejo Provincial del Ni&ntilde;o, el Adolescente y la Familia [&hellip;]<\/p>\n","protected":false},"author":2,"featured_media":13582,"comment_status":"open","ping_status":"open","sticky":false,"template":"","format":"standard","meta":{"footnotes":""},"categories":[3,8],"tags":[251,171,5295,95],"class_list":["post-13581","post","type-post","status-publish","format-standard","has-post-thumbnail","hentry","category-locales","category-policiales","tag-busqueda","tag-copnaf","tag-morena-candela-sofia-ovejero","tag-parana"],"_links":{"self":[{"href":"https:\/\/impactodenoticias.com.ar\/index.php?rest_route=\/wp\/v2\/posts\/13581","targetHints":{"allow":["GET"]}}],"collection":[{"href":"https:\/\/impactodenoticias.com.ar\/index.php?rest_route=\/wp\/v2\/posts"}],"about":[{"href":"https:\/\/impactodenoticias.com.ar\/index.php?rest_route=\/wp\/v2\/types\/post"}],"author":[{"embeddable":true,"href":"https:\/\/impactodenoticias.com.ar\/index.php?rest_route=\/wp\/v2\/users\/2"}],"replies":[{"embeddable":true,"href":"https:\/\/impactodenoticias.com.ar\/index.php?rest_route=%2Fwp%2Fv2%2Fcomments&post=13581"}],"version-history":[{"count":2,"href":"https:\/\/impactodenoticias.com.ar\/index.php?rest_route=\/wp\/v2\/posts\/13581\/revisions"}],"predecessor-version":[{"id":13584,"href":"https:\/\/impactodenoticias.com.ar\/index.php?rest_route=\/wp\/v2\/posts\/13581\/revisions\/13584"}],"wp:featuredmedia":[{"embeddable":true,"href":"https:\/\/impactodenoticias.com.ar\/index.php?rest_route=\/wp\/v2\/media\/13582"}],"wp:attachment":[{"href":"https:\/\/impactodenoticias.com.ar\/index.php?rest_route=%2Fwp%2Fv2%2Fmedia&parent=13581"}],"wp:term":[{"taxonomy":"category","embeddable":true,"href":"https:\/\/impactodenoticias.com.ar\/index.php?rest_route=%2Fwp%2Fv2%2Fcategories&post=13581"},{"taxonomy":"post_tag","embeddable":true,"href":"https:\/\/impactodenoticias.com.ar\/index.php?rest_route=%2Fwp%2Fv2%2Ftags&post=13581"}],"curies":[{"name":"wp","href":"https:\/\/api.w.org\/{rel}","templated":true}]}}