{"id":13618,"date":"2025-05-31T18:55:35","date_gmt":"2025-05-31T21:55:35","guid":{"rendered":"https:\/\/impactodenoticias.com.ar\/?p=13618"},"modified":"2025-05-31T18:55:35","modified_gmt":"2025-05-31T21:55:35","slug":"un-camion-volco-en-el-acceso-a-la-ciudad-de-tala-sobre-ruta-39","status":"publish","type":"post","link":"https:\/\/impactodenoticias.com.ar\/?p=13618","title":{"rendered":"Un cami\u00f3n volc\u00f3 en el acceso a la ciudad de Tala, sobre ruta 39"},"content":{"rendered":"\n<h2 class=\"wp-block-heading\">El chofer del pesado transporte perdi\u00f3 el control y termin\u00f3 volcando su veh\u00edculo sobre la banquina. Ocurri\u00f3 en horas de la anoche.<\/h2>\n\n\n\n<p>Un cami\u00f3n volc\u00f3 en la rotonda de ingreso a la ciudad de Rosario del Tala sobre Ruta 39. El accidente vial ocurri\u00f3 en la noche de este viernes y, en las primeras horas de la ma\u00f1ana de este s\u00e1bado, aun se trabajaba en la prevenci\u00f3n para los conductores hasta tanto se retirara la carga del cami\u00f3n, para poder liberar la circulaci\u00f3n.<\/p>\n\n\n\n<p>El vuelco se registr\u00f3 alrededor de las 23:20, seg\u00fan inform\u00f3 la Polic\u00eda. El cami\u00f3n era conducido por un joven de 27 a\u00f1os, de Villa Mantero, que se dirig\u00eda desde Rosario hacia el departamento Uruguay. Se hizo presente personal policial de la Comisar\u00eda Primera y del Puesto Caminero Tala para tomar intervenci\u00f3n en el lugar del accidente.<\/p>\n\n\n\n<p>El cami\u00f3n es un Mercedes Benz, modelo 1624 con acoplado. Transportaba harina de soja, sin embargo no perdi\u00f3 su carga pese a la maniobra y el vuelco sobre la banquina.<\/p>\n","protected":false},"excerpt":{"rendered":"<p>El chofer del pesado transporte perdi&oacute; el control y termin&oacute; volcando su veh&iacute;culo sobre la banquina. Ocurri&oacute; en horas de la anoche. Un cami&oacute;n volc&oacute; en la rotonda de ingreso a la ciudad de Rosario del Tala sobre Ruta 39. El accidente vial ocurri&oacute; en la noche de este viernes y, en las primeras horas [&hellip;]<\/p>\n","protected":false},"author":2,"featured_media":13619,"comment_status":"open","ping_status":"open","sticky":false,"template":"","format":"standard","meta":{"footnotes":""},"categories":[8,4],"tags":[545,109,4808,336],"class_list":["post-13618","post","type-post","status-publish","format-standard","has-post-thumbnail","hentry","category-policiales","category-provinciales","tag-camion","tag-ruta-39","tag-tala","tag-vuelco"],"_links":{"self":[{"href":"https:\/\/impactodenoticias.com.ar\/index.php?rest_route=\/wp\/v2\/posts\/13618","targetHints":{"allow":["GET"]}}],"collection":[{"href":"https:\/\/impactodenoticias.com.ar\/index.php?rest_route=\/wp\/v2\/posts"}],"about":[{"href":"https:\/\/impactodenoticias.com.ar\/index.php?rest_route=\/wp\/v2\/types\/post"}],"author":[{"embeddable":true,"href":"https:\/\/impactodenoticias.com.ar\/index.php?rest_route=\/wp\/v2\/users\/2"}],"replies":[{"embeddable":true,"href":"https:\/\/impactodenoticias.com.ar\/index.php?rest_route=%2Fwp%2Fv2%2Fcomments&post=13618"}],"version-history":[{"count":1,"href":"https:\/\/impactodenoticias.com.ar\/index.php?rest_route=\/wp\/v2\/posts\/13618\/revisions"}],"predecessor-version":[{"id":13620,"href":"https:\/\/impactodenoticias.com.ar\/index.php?rest_route=\/wp\/v2\/posts\/13618\/revisions\/13620"}],"wp:featuredmedia":[{"embeddable":true,"href":"https:\/\/impactodenoticias.com.ar\/index.php?rest_route=\/wp\/v2\/media\/13619"}],"wp:attachment":[{"href":"https:\/\/impactodenoticias.com.ar\/index.php?rest_route=%2Fwp%2Fv2%2Fmedia&parent=13618"}],"wp:term":[{"taxonomy":"category","embeddable":true,"href":"https:\/\/impactodenoticias.com.ar\/index.php?rest_route=%2Fwp%2Fv2%2Fcategories&post=13618"},{"taxonomy":"post_tag","embeddable":true,"href":"https:\/\/impactodenoticias.com.ar\/index.php?rest_route=%2Fwp%2Fv2%2Ftags&post=13618"}],"curies":[{"name":"wp","href":"https:\/\/api.w.org\/{rel}","templated":true}]}}