{"id":13625,"date":"2025-05-31T20:10:36","date_gmt":"2025-05-31T23:10:36","guid":{"rendered":"https:\/\/impactodenoticias.com.ar\/?p=13625"},"modified":"2025-06-02T11:24:41","modified_gmt":"2025-06-02T14:24:41","slug":"el-pj-departamental-colon-reunio-a-la-militancia-y-manifesto-su-apoyo-a-presente-y-futuro-y-al-peronismo-amplio-renovador-par","status":"publish","type":"post","link":"https:\/\/impactodenoticias.com.ar\/?p=13625","title":{"rendered":"El PJ Departamental Col\u00f3n reuni\u00f3 a la militancia y manifest\u00f3 su apoyo a \u201cPresente y Futuro\u201d y al Peronismo Amplio Renovador (PAR)"},"content":{"rendered":"\n<h2 class=\"wp-block-heading\">En un encuentro llevado adelante este viernes 30 de mayo en Pueblo Liebig, el Consejo Departamental Col\u00f3n del Partido Justicialista (PJ), presidido por el intendente de San Jos\u00e9, Gustavo Bastian, junto a su par de Pueblo Liebig, Julio Pintos expresaron su apoyo a las agrupaciones Peronismo Amplio Renovador (PAR) y Presente y Futuro.<\/h2>\n\n\n\n<p>Durante el encuentro se se\u00f1al\u00f3 el firme respaldo a la candidatura y a los dirigentes que surjan del espacio pol\u00edtico \u2018Presente y Futuro\u2019, conformado por intendentes y el Peronismo Amplio Renovador (PAR), con el objetivo de revitalizar y renovar el peronismo entrerriano\u00bb, expresaron. Tras la reuni\u00f3n se emiti\u00f3 un comunicado el cual fue enviado a <strong>IMPACTO DE NOTICIAS<\/strong>.<\/p>\n\n\n\n<p><\/p>\n\n\n\n<figure class=\"wp-block-image size-full\"><img loading=\"lazy\" decoding=\"async\" width=\"960\" height=\"720\" src=\"https:\/\/impactodenoticias.com.ar\/wp-content\/uploads\/2025\/05\/503222721_717148107338276_769133991321198116_n.jpg\" alt=\"\" class=\"wp-image-13626\" srcset=\"https:\/\/impactodenoticias.com.ar\/wp-content\/uploads\/2025\/05\/503222721_717148107338276_769133991321198116_n.jpg 960w, https:\/\/impactodenoticias.com.ar\/wp-content\/uploads\/2025\/05\/503222721_717148107338276_769133991321198116_n-300x225.jpg 300w, https:\/\/impactodenoticias.com.ar\/wp-content\/uploads\/2025\/05\/503222721_717148107338276_769133991321198116_n-768x576.jpg 768w\" sizes=\"auto, (max-width: 960px) 100vw, 960px\" \/><\/figure>\n\n\n\n<p><\/p>\n\n\n\n<p class=\"has-medium-font-size\"><strong>El comunicado completo<\/strong><\/p>\n\n\n\n<p>Intendentes entrerrianos acuerdan con el Peronismo Amplio Renovador (PAR) construir una alternativa real en Entre R\u00edos.<\/p>\n\n\n\n<p>En un paso decisivo hacia la reconstrucci\u00f3n del peronismo entrerriano, los intendentes Gustavo Basti\u00e1n (San Jos\u00e9), Dami\u00e1n Ar\u00e9valo (Feliciano), Ricardo Bravo (Federaci\u00f3n), Julio Pintos (Pueblo Liebig ), Hernan Niz (Villa Mantero) y Cesar Simino (San Gustavo), entre otros que se est\u00e1n sumando, acordaron avanzar junto al Peronismo Amplio Renovador (PAR) en un proyecto com\u00fan que convoque a todos los compa\u00f1eros y compa\u00f1eras que creen en la necesidad urgente de renovar al peronismo desde sus ra\u00edces.<\/p>\n\n\n\n<p>Este acuerdo es el resultado de un proceso de di\u00e1logo pol\u00edtico franco y profundo, basado en coincidencias que no son superficiales ni t\u00e1cticas: la convicci\u00f3n de que el peronismo debe volver a ser una herramienta de transformaci\u00f3n real.<\/p>\n\n\n\n<p>Nos une un diagn\u00f3stico y un horizonte com\u00fan, no para disputar un lugar, sino para devolverle al peronismo su raz\u00f3n de ser.<\/p>\n\n\n\n<p>El objetivo de este acuerdo es claro: recuperar el peronismo interpretando las verdaderas necesidades de la gente.<\/p>\n\n\n\n<p>Vamos a avanzar juntos para construir una alternativa real, amplia y horizontal. Una alternativa profundamente peronista, nacida desde abajo, con dirigentes que vienen del territorio, que gestionan con cercan\u00eda al vecino y que caminan a su lado todos los d\u00edas.<\/p>\n\n\n\n<p>Este es el comienzo de una nueva etapa: la etapa en la que volvemos a creer que es posible cambiar las cosas desde la pol\u00edtica bien entendida.<\/p>\n\n\n\n<p>No conformamos espacios cerrados, todo lo contrario: convocamos a todos los compa\u00f1eros y compa\u00f1eras que sienten lo mismo a sumarse.<\/p>\n\n\n\n<p>Este no es un acuerdo de nombres a puertas cerradas, es un acuerdo de convicciones.<\/p>\n\n\n\n<p>Es una esperanza que empieza a organizarse.<\/p>\n","protected":false},"excerpt":{"rendered":"<p>En un encuentro llevado adelante este viernes 30 de mayo en Pueblo Liebig, el Consejo Departamental Col&oacute;n del Partido Justicialista (PJ), presidido por el intendente de San Jos&eacute;, Gustavo Bastian, junto a su par de Pueblo Liebig, Julio Pintos expresaron su apoyo a las agrupaciones Peronismo Amplio Renovador (PAR) y Presente y Futuro. Durante el [&hellip;]<\/p>\n","protected":false},"author":2,"featured_media":13627,"comment_status":"open","ping_status":"open","sticky":false,"template":"","format":"standard","meta":{"footnotes":""},"categories":[11,4],"tags":[3889,466,933,5312,5309,5310,5311],"class_list":["post-13625","post","type-post","status-publish","format-standard","has-post-thumbnail","hentry","category-politica","category-provinciales","tag-apoyo","tag-colon","tag-gustavo-bastian","tag-julio-pintos","tag-par","tag-partido-justicilista","tag-presente-y-futuro"],"_links":{"self":[{"href":"https:\/\/impactodenoticias.com.ar\/index.php?rest_route=\/wp\/v2\/posts\/13625","targetHints":{"allow":["GET"]}}],"collection":[{"href":"https:\/\/impactodenoticias.com.ar\/index.php?rest_route=\/wp\/v2\/posts"}],"about":[{"href":"https:\/\/impactodenoticias.com.ar\/index.php?rest_route=\/wp\/v2\/types\/post"}],"author":[{"embeddable":true,"href":"https:\/\/impactodenoticias.com.ar\/index.php?rest_route=\/wp\/v2\/users\/2"}],"replies":[{"embeddable":true,"href":"https:\/\/impactodenoticias.com.ar\/index.php?rest_route=%2Fwp%2Fv2%2Fcomments&post=13625"}],"version-history":[{"count":1,"href":"https:\/\/impactodenoticias.com.ar\/index.php?rest_route=\/wp\/v2\/posts\/13625\/revisions"}],"predecessor-version":[{"id":13628,"href":"https:\/\/impactodenoticias.com.ar\/index.php?rest_route=\/wp\/v2\/posts\/13625\/revisions\/13628"}],"wp:featuredmedia":[{"embeddable":true,"href":"https:\/\/impactodenoticias.com.ar\/index.php?rest_route=\/wp\/v2\/media\/13627"}],"wp:attachment":[{"href":"https:\/\/impactodenoticias.com.ar\/index.php?rest_route=%2Fwp%2Fv2%2Fmedia&parent=13625"}],"wp:term":[{"taxonomy":"category","embeddable":true,"href":"https:\/\/impactodenoticias.com.ar\/index.php?rest_route=%2Fwp%2Fv2%2Fcategories&post=13625"},{"taxonomy":"post_tag","embeddable":true,"href":"https:\/\/impactodenoticias.com.ar\/index.php?rest_route=%2Fwp%2Fv2%2Ftags&post=13625"}],"curies":[{"name":"wp","href":"https:\/\/api.w.org\/{rel}","templated":true}]}}