{"id":13632,"date":"2025-06-01T11:01:11","date_gmt":"2025-06-01T14:01:11","guid":{"rendered":"https:\/\/impactodenoticias.com.ar\/?p=13632"},"modified":"2025-06-03T10:44:59","modified_gmt":"2025-06-03T13:44:59","slug":"entre-rios-desde-el-pj-alertan-sobre-la-imposibilidad-de-realizar-internas-partidarias","status":"publish","type":"post","link":"https:\/\/impactodenoticias.com.ar\/?p=13632","title":{"rendered":"Entre R\u00edos: desde el PJ alertan sobre la imposibilidad de realizar internas partidarias"},"content":{"rendered":"\n<h2 class=\"wp-block-heading\">A pocos d\u00edas de la fecha dispuesta para la realizaci\u00f3n de la interna en el partido opositor, el 6 de junio, fecha l\u00edmite para la presentaci\u00f3n de listas, la Junta Electoral del Partido Justicialista de Entre R\u00edos emiti\u00f3 una advertencia formal sobre la inviabilidad econ\u00f3mica, organizativa y operativa de realizar las internas partidarias previstas para el 6 de julio.<\/h2>\n\n\n\n<p>Esta advertencia se fundamenta en la Acordada 37\/2025 de la C\u00e1mara Nacional Electoral, que insta a los partidos a adaptarse a la ausencia de las PASO y garantizar en una interna la selecci\u00f3n de candidatos.<\/p>\n\n\n\n<p>De acuerdo a la Junta Electoral del PJ, la Acordada introduce numerosos interrogantes sobre los procesos internos partidarios y se\u00f1ala que las internas deben regirse por los procedimientos internos de cada agrupaci\u00f3n pol\u00edtica. La C\u00e1mara reconoce que la mayor\u00eda de las cartas org\u00e1nicas y reglamentos electorales est\u00e1n dise\u00f1ados para el r\u00e9gimen de elecciones primarias abiertas y que pocos espacios cuentan con sistemas alternativos.<\/p>\n\n\n\n<p>La C\u00e1mara Nacional Electoral ha instado a los partidos pol\u00edticos a llevar adelante reformas necesarias para definir y comunicar oportunamente las reglas de selecci\u00f3n de candidatos en los pr\u00f3ximos comicios nacionales. Tambi\u00e9n admiten sobre la posibilidad de adoptar m\u00e9todos de selecci\u00f3n indirecta, delegando dicha competencia en \u00f3rganos internos del partido.<\/p>\n\n\n\n<p>En este contexto, la Junta Electoral del PJ ha comunicado tanto al Consejo Provincial del Partido Justicialista como al Congreso la imposibilidad de garantizar un proceso electoral que respalde el voto directo de los afiliados. Destacando que las dificultades financieras, log\u00edsticas y operativas impiden la realizaci\u00f3n de internas partidarias bajo condiciones normales.<\/p>\n","protected":false},"excerpt":{"rendered":"<p>A pocos d&iacute;as de la fecha dispuesta para la realizaci&oacute;n de la interna en el partido opositor, el 6 de junio, fecha l&iacute;mite para la presentaci&oacute;n de listas, la Junta Electoral del Partido Justicialista de Entre R&iacute;os emiti&oacute; una advertencia formal sobre la inviabilidad econ&oacute;mica, organizativa y operativa de realizar las internas partidarias previstas para [&hellip;]<\/p>\n","protected":false},"author":2,"featured_media":13633,"comment_status":"open","ping_status":"open","sticky":false,"template":"","format":"standard","meta":{"footnotes":""},"categories":[11,4],"tags":[5314,33,4076,4408,382],"class_list":["post-13632","post","type-post","status-publish","format-standard","has-post-thumbnail","hentry","category-politica","category-provinciales","tag-camara-nacional-electoral","tag-entre-rios","tag-internas","tag-paso","tag-pj"],"_links":{"self":[{"href":"https:\/\/impactodenoticias.com.ar\/index.php?rest_route=\/wp\/v2\/posts\/13632","targetHints":{"allow":["GET"]}}],"collection":[{"href":"https:\/\/impactodenoticias.com.ar\/index.php?rest_route=\/wp\/v2\/posts"}],"about":[{"href":"https:\/\/impactodenoticias.com.ar\/index.php?rest_route=\/wp\/v2\/types\/post"}],"author":[{"embeddable":true,"href":"https:\/\/impactodenoticias.com.ar\/index.php?rest_route=\/wp\/v2\/users\/2"}],"replies":[{"embeddable":true,"href":"https:\/\/impactodenoticias.com.ar\/index.php?rest_route=%2Fwp%2Fv2%2Fcomments&post=13632"}],"version-history":[{"count":1,"href":"https:\/\/impactodenoticias.com.ar\/index.php?rest_route=\/wp\/v2\/posts\/13632\/revisions"}],"predecessor-version":[{"id":13634,"href":"https:\/\/impactodenoticias.com.ar\/index.php?rest_route=\/wp\/v2\/posts\/13632\/revisions\/13634"}],"wp:featuredmedia":[{"embeddable":true,"href":"https:\/\/impactodenoticias.com.ar\/index.php?rest_route=\/wp\/v2\/media\/13633"}],"wp:attachment":[{"href":"https:\/\/impactodenoticias.com.ar\/index.php?rest_route=%2Fwp%2Fv2%2Fmedia&parent=13632"}],"wp:term":[{"taxonomy":"category","embeddable":true,"href":"https:\/\/impactodenoticias.com.ar\/index.php?rest_route=%2Fwp%2Fv2%2Fcategories&post=13632"},{"taxonomy":"post_tag","embeddable":true,"href":"https:\/\/impactodenoticias.com.ar\/index.php?rest_route=%2Fwp%2Fv2%2Ftags&post=13632"}],"curies":[{"name":"wp","href":"https:\/\/api.w.org\/{rel}","templated":true}]}}