{"id":13636,"date":"2025-06-02T09:52:28","date_gmt":"2025-06-02T12:52:28","guid":{"rendered":"https:\/\/impactodenoticias.com.ar\/?p=13636"},"modified":"2025-06-02T09:52:29","modified_gmt":"2025-06-02T12:52:29","slug":"se-realizo-un-operativo-conjunto-en-el-rio-uruguay-contra-la-pesca-y-caza-ilegales","status":"publish","type":"post","link":"https:\/\/impactodenoticias.com.ar\/?p=13636","title":{"rendered":"Se realiz\u00f3 un operativo conjunto en el R\u00edo Uruguay contra la pesca y caza ilegales"},"content":{"rendered":"\n<h2 class=\"wp-block-heading\">La Brigada de Abigeato Col\u00f3n, dependiente de la Direcci\u00f3n General de Prevenci\u00f3n de Delitos Rurales de la Polic\u00eda de Entre R\u00edos, en conjunto con el personal de Parques Nacionales El Palmar, llev\u00f3 a cabo procedimientos en el R\u00edo Uruguay y el Arroyo Sumaca.<\/h2>\n\n\n\n<p>El operativo, se desarroll\u00f3 contra la pesca ilegal y la caza furtiva, y logr\u00f3 la incautaci\u00f3n de seis redes de pesca que se encontraban desplegadas en un d\u00eda no habilitado para la actividad. Dentro de las piezas capturadas se encontraban ejemplares de dorado, tararira y vieja del agua, que fueron liberadas de inmediato en su h\u00e1bitat natural.<\/p>\n\n\n\n<p><\/p>\n\n\n\n<figure class=\"wp-block-image size-full\"><img loading=\"lazy\" decoding=\"async\" width=\"696\" height=\"1012\" src=\"https:\/\/impactodenoticias.com.ar\/wp-content\/uploads\/2025\/06\/Operativo-Abigeato.webp\" alt=\"\" class=\"wp-image-13637\" srcset=\"https:\/\/impactodenoticias.com.ar\/wp-content\/uploads\/2025\/06\/Operativo-Abigeato.webp 696w, https:\/\/impactodenoticias.com.ar\/wp-content\/uploads\/2025\/06\/Operativo-Abigeato-206x300.webp 206w\" sizes=\"auto, (max-width: 696px) 100vw, 696px\" \/><\/figure>\n\n\n\n<p><\/p>\n\n\n\n<p>Adem\u00e1s, en el marco de la Ley Provincial de Caza, se detect\u00f3 un campamento ilegal en una isla, donde se secuestraron dos fusiles calibre 308 y 223, adem\u00e1s de cuatro equipos de comunicaci\u00f3n tipo H.T. utilizados para la actividad cineg\u00e9tica clandestina. Tambi\u00e9n se incaut\u00f3 un ejemplar de chancho jabal\u00ed muerto y despiezado. En el sitio, los infractores contaban con elementos para la caza furtiva, como visores t\u00e9rmicos, cuchillos y linternas.<\/p>\n\n\n\n<p>Este operativo conjunto da muestra de la importancia de la coordinaci\u00f3n entre las fuerzas de seguridad y los guardafaunas para la protecci\u00f3n de las \u00e1reas naturales. Estas acciones buscan impedir el ingreso de personas no autorizadas a zonas protegidas, preservando la biodiversidad y evitando el impacto negativo de actividades ilegales en el ecosistema.<\/p>\n\n\n\n<p>En otro hecho registrado este s\u00e1bado 31 de mayo, la Brigada Abigeato Col\u00f3n secuestr\u00f3 una carabina calibre 22 sin n\u00famero de serie visible, tres cartuchos del mismo calibre y un celular Xiaomi modelo Mi 8 Lite, como parte de un operativo de prevenci\u00f3n sobre la Ruta Nacional N\u00b0 130. En esta intervenci\u00f3n, se aprehendi\u00f3 a un individuo en flagrancia, quien fue sorprendido movilizando ganado sin la documentaci\u00f3n correspondiente.<\/p>\n","protected":false},"excerpt":{"rendered":"<p>La Brigada de Abigeato Col&oacute;n, dependiente de la Direcci&oacute;n General de Prevenci&oacute;n de Delitos Rurales de la Polic&iacute;a de Entre R&iacute;os, en conjunto con el personal de Parques Nacionales El Palmar, llev&oacute; a cabo procedimientos en el R&iacute;o Uruguay y el Arroyo Sumaca. El operativo, se desarroll&oacute; contra la pesca ilegal y la caza furtiva, [&hellip;]<\/p>\n","protected":false},"author":2,"featured_media":13638,"comment_status":"open","ping_status":"open","sticky":false,"template":"","format":"standard","meta":{"footnotes":""},"categories":[8,4],"tags":[306,5316,535,1650],"class_list":["post-13636","post","type-post","status-publish","format-standard","has-post-thumbnail","hentry","category-policiales","category-provinciales","tag-abigeato","tag-arroyo-sumaca","tag-operativo","tag-rio-uruguay"],"_links":{"self":[{"href":"https:\/\/impactodenoticias.com.ar\/index.php?rest_route=\/wp\/v2\/posts\/13636","targetHints":{"allow":["GET"]}}],"collection":[{"href":"https:\/\/impactodenoticias.com.ar\/index.php?rest_route=\/wp\/v2\/posts"}],"about":[{"href":"https:\/\/impactodenoticias.com.ar\/index.php?rest_route=\/wp\/v2\/types\/post"}],"author":[{"embeddable":true,"href":"https:\/\/impactodenoticias.com.ar\/index.php?rest_route=\/wp\/v2\/users\/2"}],"replies":[{"embeddable":true,"href":"https:\/\/impactodenoticias.com.ar\/index.php?rest_route=%2Fwp%2Fv2%2Fcomments&post=13636"}],"version-history":[{"count":1,"href":"https:\/\/impactodenoticias.com.ar\/index.php?rest_route=\/wp\/v2\/posts\/13636\/revisions"}],"predecessor-version":[{"id":13639,"href":"https:\/\/impactodenoticias.com.ar\/index.php?rest_route=\/wp\/v2\/posts\/13636\/revisions\/13639"}],"wp:featuredmedia":[{"embeddable":true,"href":"https:\/\/impactodenoticias.com.ar\/index.php?rest_route=\/wp\/v2\/media\/13638"}],"wp:attachment":[{"href":"https:\/\/impactodenoticias.com.ar\/index.php?rest_route=%2Fwp%2Fv2%2Fmedia&parent=13636"}],"wp:term":[{"taxonomy":"category","embeddable":true,"href":"https:\/\/impactodenoticias.com.ar\/index.php?rest_route=%2Fwp%2Fv2%2Fcategories&post=13636"},{"taxonomy":"post_tag","embeddable":true,"href":"https:\/\/impactodenoticias.com.ar\/index.php?rest_route=%2Fwp%2Fv2%2Ftags&post=13636"}],"curies":[{"name":"wp","href":"https:\/\/api.w.org\/{rel}","templated":true}]}}