{"id":13643,"date":"2025-06-03T09:37:29","date_gmt":"2025-06-03T12:37:29","guid":{"rendered":"https:\/\/impactodenoticias.com.ar\/?p=13643"},"modified":"2025-06-03T09:37:29","modified_gmt":"2025-06-03T12:37:29","slug":"crespo-la-conductora-de-una-moto-choco-contra-un-utilitario-y-tuvo-que-ser-hospitalizada","status":"publish","type":"post","link":"https:\/\/impactodenoticias.com.ar\/?p=13643","title":{"rendered":"Crespo: la conductora de una moto choc\u00f3 contra un utilitario y tuvo que ser hospitalizada"},"content":{"rendered":"\n<h2 class=\"wp-block-heading\">Este lunes se registr\u00f3 un accidente de tr\u00e1nsito en Crespo entre una moto y un utilitario. Debido al impacto, la conductora de la moto tuvo que ser derivada a un centro asistencial de Paran\u00e1.<\/h2>\n\n\n\n<p>El siniestro vial ocurri\u00f3 este lunes pasado el mediod\u00eda en calle French, casi al llegar a su intersecci\u00f3n con Alem de Crespo. En el lugar se vieron involucrados en un siniestro vial un veh\u00edculo Renault Kangoo y una moto.<\/p>\n\n\n\n<p>La conductora del rodado de menor porte sufri\u00f3 lesiones por lo que fue derivada a un centro asistencial de Paran\u00e1.<\/p>\n\n\n\n<p>Las autoridades llevaron adelante las tareas investigativas para determinar las causas del accidente de tr\u00e1nsito.<\/p>\n","protected":false},"excerpt":{"rendered":"<p>Este lunes se registr&oacute; un accidente de tr&aacute;nsito en Crespo entre una moto y un utilitario. Debido al impacto, la conductora de la moto tuvo que ser derivada a un centro asistencial de Paran&aacute;. El siniestro vial ocurri&oacute; este lunes pasado el mediod&iacute;a en calle French, casi al llegar a su intersecci&oacute;n con Alem de [&hellip;]<\/p>\n","protected":false},"author":2,"featured_media":13644,"comment_status":"open","ping_status":"open","sticky":false,"template":"","format":"standard","meta":{"footnotes":""},"categories":[8,4],"tags":[120,337,388,610,239],"class_list":["post-13643","post","type-post","status-publish","format-standard","has-post-thumbnail","hentry","category-policiales","category-provinciales","tag-accidente","tag-crespo","tag-moto","tag-policial","tag-utilitario"],"_links":{"self":[{"href":"https:\/\/impactodenoticias.com.ar\/index.php?rest_route=\/wp\/v2\/posts\/13643","targetHints":{"allow":["GET"]}}],"collection":[{"href":"https:\/\/impactodenoticias.com.ar\/index.php?rest_route=\/wp\/v2\/posts"}],"about":[{"href":"https:\/\/impactodenoticias.com.ar\/index.php?rest_route=\/wp\/v2\/types\/post"}],"author":[{"embeddable":true,"href":"https:\/\/impactodenoticias.com.ar\/index.php?rest_route=\/wp\/v2\/users\/2"}],"replies":[{"embeddable":true,"href":"https:\/\/impactodenoticias.com.ar\/index.php?rest_route=%2Fwp%2Fv2%2Fcomments&post=13643"}],"version-history":[{"count":1,"href":"https:\/\/impactodenoticias.com.ar\/index.php?rest_route=\/wp\/v2\/posts\/13643\/revisions"}],"predecessor-version":[{"id":13645,"href":"https:\/\/impactodenoticias.com.ar\/index.php?rest_route=\/wp\/v2\/posts\/13643\/revisions\/13645"}],"wp:featuredmedia":[{"embeddable":true,"href":"https:\/\/impactodenoticias.com.ar\/index.php?rest_route=\/wp\/v2\/media\/13644"}],"wp:attachment":[{"href":"https:\/\/impactodenoticias.com.ar\/index.php?rest_route=%2Fwp%2Fv2%2Fmedia&parent=13643"}],"wp:term":[{"taxonomy":"category","embeddable":true,"href":"https:\/\/impactodenoticias.com.ar\/index.php?rest_route=%2Fwp%2Fv2%2Fcategories&post=13643"},{"taxonomy":"post_tag","embeddable":true,"href":"https:\/\/impactodenoticias.com.ar\/index.php?rest_route=%2Fwp%2Fv2%2Ftags&post=13643"}],"curies":[{"name":"wp","href":"https:\/\/api.w.org\/{rel}","templated":true}]}}