{"id":13668,"date":"2025-06-04T18:53:07","date_gmt":"2025-06-04T21:53:07","guid":{"rendered":"https:\/\/impactodenoticias.com.ar\/?p=13668"},"modified":"2025-06-04T18:53:08","modified_gmt":"2025-06-04T21:53:08","slug":"un-micro-con-estudiantes-a-bordo-choco-en-medio-de-la-niebla-en-ruta-14","status":"publish","type":"post","link":"https:\/\/impactodenoticias.com.ar\/?p=13668","title":{"rendered":"Un micro con estudiantes a bordo choc\u00f3 en medio de la niebla en Ruta 14"},"content":{"rendered":"\n<h2 class=\"wp-block-heading\">Un transporte con estudiantes embisti\u00f3 esta ma\u00f1ana a una camioneta en Ruta 14, en jusrisdicci\u00f3n de Calabacilla, Concordia. Tras este primer choque un cami\u00f3n que circulaba en el mismo momento activ\u00f3 sus frenos, bloque\u00f3 su acoplado y termin\u00f3 despistando. Afortunadamente, no hubo que lamentar heridos de gravedad.<\/h2>\n\n\n\n<p>Seg\u00fan se inform\u00f3, el choque sucedi\u00f3 aproximadamente a las 8:30, a la altura del kil\u00f3metro 241. Los veh\u00edculos involucrados fueron una Fiat Fiorino, con pasajeros oriundos de Buenos Aires, y un micro de transporte de pasajeros conducido por un hombre domiciliado en Concordia, con 42 estudiantes de Puerto Yeru\u00e1.<\/p>\n\n\n\n<p><\/p>\n\n\n\n<figure class=\"wp-block-image size-full\"><img loading=\"lazy\" decoding=\"async\" width=\"1024\" height=\"994\" src=\"https:\/\/impactodenoticias.com.ar\/wp-content\/uploads\/2025\/06\/Accidente-Ruta14-Calabacilla-1.webp\" alt=\"\" class=\"wp-image-13669\" srcset=\"https:\/\/impactodenoticias.com.ar\/wp-content\/uploads\/2025\/06\/Accidente-Ruta14-Calabacilla-1.webp 1024w, https:\/\/impactodenoticias.com.ar\/wp-content\/uploads\/2025\/06\/Accidente-Ruta14-Calabacilla-1-300x291.webp 300w, https:\/\/impactodenoticias.com.ar\/wp-content\/uploads\/2025\/06\/Accidente-Ruta14-Calabacilla-1-768x746.webp 768w\" sizes=\"auto, (max-width: 1024px) 100vw, 1024px\" \/><\/figure>\n\n\n\n<p><\/p>\n\n\n\n<figure class=\"wp-block-image size-full\"><img loading=\"lazy\" decoding=\"async\" width=\"715\" height=\"384\" src=\"https:\/\/impactodenoticias.com.ar\/wp-content\/uploads\/2025\/06\/Accidente-Ruta14-Calabacilla-2.png\" alt=\"\" class=\"wp-image-13670\" srcset=\"https:\/\/impactodenoticias.com.ar\/wp-content\/uploads\/2025\/06\/Accidente-Ruta14-Calabacilla-2.png 715w, https:\/\/impactodenoticias.com.ar\/wp-content\/uploads\/2025\/06\/Accidente-Ruta14-Calabacilla-2-300x161.png 300w\" sizes=\"auto, (max-width: 715px) 100vw, 715px\" \/><\/figure>\n\n\n\n<p><\/p>\n\n\n\n<p>Debido al accidente vial, a una distancia cercana a los 100 metros, un cami\u00f3n accion\u00f3 su sistema de frenado, lo que bloque\u00f3 su acoplado, despist\u00f3 y termin\u00f3 en la banquina este. El tr\u00e1nsito tuvo que ser reducido. Trabajaron en el lugar Comisar\u00eda Calabacilla, Direcci\u00f3n de Seguridad y Prevenci\u00f3n Vial y Gendarmer\u00eda Nacional, mientras se esperaban las gr\u00faas para el retiro de los veh\u00edculos siniestrados.<\/p>\n","protected":false},"excerpt":{"rendered":"<p>Un transporte con estudiantes embisti&oacute; esta ma&ntilde;ana a una camioneta en Ruta 14, en jusrisdicci&oacute;n de Calabacilla, Concordia. Tras este primer choque un cami&oacute;n que circulaba en el mismo momento activ&oacute; sus frenos, bloque&oacute; su acoplado y termin&oacute; despistando. Afortunadamente, no hubo que lamentar heridos de gravedad. Seg&uacute;n se inform&oacute;, el choque sucedi&oacute; aproximadamente a [&hellip;]<\/p>\n","protected":false},"author":2,"featured_media":13671,"comment_status":"open","ping_status":"open","sticky":false,"template":"","format":"standard","meta":{"footnotes":""},"categories":[8,4],"tags":[120,5324,998,228,675,828],"class_list":["post-13668","post","type-post","status-publish","format-standard","has-post-thumbnail","hentry","category-policiales","category-provinciales","tag-accidente","tag-calabacilla","tag-estudiantes","tag-micro","tag-puerto-yerua","tag-ruta-14"],"_links":{"self":[{"href":"https:\/\/impactodenoticias.com.ar\/index.php?rest_route=\/wp\/v2\/posts\/13668","targetHints":{"allow":["GET"]}}],"collection":[{"href":"https:\/\/impactodenoticias.com.ar\/index.php?rest_route=\/wp\/v2\/posts"}],"about":[{"href":"https:\/\/impactodenoticias.com.ar\/index.php?rest_route=\/wp\/v2\/types\/post"}],"author":[{"embeddable":true,"href":"https:\/\/impactodenoticias.com.ar\/index.php?rest_route=\/wp\/v2\/users\/2"}],"replies":[{"embeddable":true,"href":"https:\/\/impactodenoticias.com.ar\/index.php?rest_route=%2Fwp%2Fv2%2Fcomments&post=13668"}],"version-history":[{"count":1,"href":"https:\/\/impactodenoticias.com.ar\/index.php?rest_route=\/wp\/v2\/posts\/13668\/revisions"}],"predecessor-version":[{"id":13672,"href":"https:\/\/impactodenoticias.com.ar\/index.php?rest_route=\/wp\/v2\/posts\/13668\/revisions\/13672"}],"wp:featuredmedia":[{"embeddable":true,"href":"https:\/\/impactodenoticias.com.ar\/index.php?rest_route=\/wp\/v2\/media\/13671"}],"wp:attachment":[{"href":"https:\/\/impactodenoticias.com.ar\/index.php?rest_route=%2Fwp%2Fv2%2Fmedia&parent=13668"}],"wp:term":[{"taxonomy":"category","embeddable":true,"href":"https:\/\/impactodenoticias.com.ar\/index.php?rest_route=%2Fwp%2Fv2%2Fcategories&post=13668"},{"taxonomy":"post_tag","embeddable":true,"href":"https:\/\/impactodenoticias.com.ar\/index.php?rest_route=%2Fwp%2Fv2%2Ftags&post=13668"}],"curies":[{"name":"wp","href":"https:\/\/api.w.org\/{rel}","templated":true}]}}