{"id":13696,"date":"2025-06-05T10:16:40","date_gmt":"2025-06-05T13:16:40","guid":{"rendered":"https:\/\/impactodenoticias.com.ar\/?p=13696"},"modified":"2025-06-06T10:12:45","modified_gmt":"2025-06-06T13:12:45","slug":"titi-celis-admitio-que-circulaba-en-una-ranger-con-patentes-falsas","status":"publish","type":"post","link":"https:\/\/impactodenoticias.com.ar\/?p=13696","title":{"rendered":"Titi Celis admiti\u00f3 que circulaba en una Ranger con patentes falsas"},"content":{"rendered":"\n<h2 class=\"wp-block-heading\">La sentencia que homolog\u00f3 el acuerdo de juicio abreviado se dio a conocer este mi\u00e9rcoles. Fue resuelta por el Tribunal Oral Federal en lo Criminal de Paran\u00e1. Conden\u00f3 a Miguel \u00c1ngel Celis por el delito de Uso de documento p\u00fablico falso. Le impuso la pena de tres a\u00f1os de prisi\u00f3n efectiva, unificada con la de ocho a\u00f1os que cumpl\u00eda por su rol en la causa Narcoavioneta.<\/h2>\n\n\n\n<p>El Tribunal Oral Federal en lo Criminal de Paran\u00e1, en su integraci\u00f3n unipersonal en la vocal\u00eda de Noem\u00ed Berros, resolvi\u00f3 este mi\u00e9rcoles 4 de junio, homologar el acuerdo de juicio abreviado que le presentaron y declar\u00f3 \u201ca Miguel \u00c1ngel Celis, alias Titi, como autor penalmente responsable del delito de Uso de documento p\u00fablico falso\u00bb, y en consecuencia lo conden\u00f3 a la pena de tres a\u00f1os de prisi\u00f3n de cumplimiento efectivo.<\/p>\n\n\n\n<p>La jueza decidi\u00f3 \u201cunificar la sentencia emitida por este Tribunal, de fecha 10 de febrero de 2020 (Sentencia N\u00ba 02\/20), que conden\u00f3 a Miguel \u00c1ngel Celis, a la pena de ocho a\u00f1os de prisi\u00f3n como autor penalmente responsable del delito de Organizaci\u00f3n de actividades de narcotr\u00e1fico\u2026, con la presente imponi\u00e9ndole la pena \u00fanica y total de ocho a\u00f1os y nueve meses prisi\u00f3n\u201d.<\/p>\n\n\n\n<p>Berros dispuso adem\u00e1s que \u201cel cumplimiento de dicha pena lo sea bajo la modalidad de prisi\u00f3n domiciliaria\u201d y por ello orden\u00f3 \u201ccomisionar a una fuerza de seguridad nacional para que se constituya en el domicilio de Miguel \u00c1ngel Celis, a los fines de labrar el acta pertinente de detenci\u00f3n domiciliaria, debiendo el nombrado fijar domicilio en ese acto, designar un referente o tutor, con aporte del tel\u00e9fono de contacto\u2026\u201d.<\/p>\n\n\n\n<p>En la audiencia intervino en representaci\u00f3n del Ministerio P\u00fablico Fiscal, Dardo Daniel Barreto, mientras que en la defensa t\u00e9cnica del imputado Celis actu\u00f3 Augusto Lafferri\u00e9re.<\/p>\n\n\n\n<p class=\"has-medium-font-size\"><strong>La imputaci\u00f3n<\/strong><\/p>\n\n\n\n<p>A Celis se le imput\u00f3, de conformidad al requerimiento de elevaci\u00f3n a juicio, la autor\u00eda del delito de Uso de documento p\u00fablico falso, por los hechos ocurridos \u201cel 20 de abril de 2017, a las 16:30 aproximadamente, cuando personal de la comisar\u00eda de Valle Mar\u00eda de la Polic\u00eda de Entre R\u00edos, en el marco de un operativo de control desarrollado en ruta provincial N\u00b0 11, a la altura de Aldea Brasilera, detuvo la marcha de una Ford Ranger, tipo pick-up, negra, que hab\u00eda pasado a una velocidad mayor a la permitida y que se trasladaba con un tr\u00e1iler con dos equinos, sin la estabilidad adecuada, pudiendo causar un accidente\u201d.<\/p>\n\n\n\n<p>En esa oportunidad, seg\u00fan se inform\u00f3 en las actuaciones, \u201cse identific\u00f3 al conductor, quien result\u00f3 ser Miguel \u00c1ngel Celis, en tanto que sus acompa\u00f1antes eran Rub\u00e9n Dar\u00edo Godoy, Ricardo Abel Godoy, V\u00edctor Mariano Exequiel Dayer y Carlos Gast\u00f3n de la Fuente\u201d. Al control de la documentaci\u00f3n y dem\u00e1s instrumentos de identificaci\u00f3n del automotor en cuesti\u00f3n, se detect\u00f3 que \u201clas placas met\u00e1licas colocadas presentaban irregularidades\u201d.<\/p>\n\n\n\n<p>Ante esa situaci\u00f3n \u201clos funcionarios policiales intervinientes realizaron una consulta en la p\u00e1gina web de la DNRPA de la que surg\u00eda que el dominio HXI-427 es de titularidad de la persona jur\u00eddica \u2018Empresa Dom SA\u2019 con domicilio en la Ciudad Aut\u00f3noma de Buenos Aires (CABA), inscripto en el Registro Seccional 02083 de la Capital Federal, y ampara un automotor Ford Argentina, modelo Ranger DC\u201d.<\/p>\n\n\n\n<p>Adem\u00e1s se agreg\u00f3 que \u201cpor su parte, el examen pericial practicado en sede judicial sobre las chapas patentes cuestionadas, que estuvo a cargo de la licenciada en Criminal\u00edstica, T\u00e9cnica Bal\u00edstica y Documentolog\u00eda perteneciente a la Direcci\u00f3n de Criminal\u00edstica de la Polic\u00eda provincial, sargenta, Anal\u00eda de Lourdes Colombo, dictamin\u00f3 que ambas placas met\u00e1licas \u2013chapas patente- colocadas en el automotor que conduc\u00eda el imputado Miguel \u00c1ngel Celis en la ocasi\u00f3n descripta precedentemente eran falsas\u201d.<\/p>\n","protected":false},"excerpt":{"rendered":"<p>La sentencia que homolog&oacute; el acuerdo de juicio abreviado se dio a conocer este mi&eacute;rcoles. Fue resuelta por el Tribunal Oral Federal en lo Criminal de Paran&aacute;. Conden&oacute; a Miguel &Aacute;ngel Celis por el delito de Uso de documento p&uacute;blico falso. Le impuso la pena de tres a&ntilde;os de prisi&oacute;n efectiva, unificada con la de [&hellip;]<\/p>\n","protected":false},"author":2,"featured_media":13697,"comment_status":"open","ping_status":"open","sticky":false,"template":"","format":"standard","meta":{"footnotes":""},"categories":[90,8,4],"tags":[5336,1350,5334,5335],"class_list":["post-13696","post","type-post","status-publish","format-standard","has-post-thumbnail","hentry","category-judicial","category-policiales","category-provinciales","tag-falsas","tag-juicio","tag-miguel-angel-celis","tag-patentes"],"_links":{"self":[{"href":"https:\/\/impactodenoticias.com.ar\/index.php?rest_route=\/wp\/v2\/posts\/13696","targetHints":{"allow":["GET"]}}],"collection":[{"href":"https:\/\/impactodenoticias.com.ar\/index.php?rest_route=\/wp\/v2\/posts"}],"about":[{"href":"https:\/\/impactodenoticias.com.ar\/index.php?rest_route=\/wp\/v2\/types\/post"}],"author":[{"embeddable":true,"href":"https:\/\/impactodenoticias.com.ar\/index.php?rest_route=\/wp\/v2\/users\/2"}],"replies":[{"embeddable":true,"href":"https:\/\/impactodenoticias.com.ar\/index.php?rest_route=%2Fwp%2Fv2%2Fcomments&post=13696"}],"version-history":[{"count":1,"href":"https:\/\/impactodenoticias.com.ar\/index.php?rest_route=\/wp\/v2\/posts\/13696\/revisions"}],"predecessor-version":[{"id":13698,"href":"https:\/\/impactodenoticias.com.ar\/index.php?rest_route=\/wp\/v2\/posts\/13696\/revisions\/13698"}],"wp:featuredmedia":[{"embeddable":true,"href":"https:\/\/impactodenoticias.com.ar\/index.php?rest_route=\/wp\/v2\/media\/13697"}],"wp:attachment":[{"href":"https:\/\/impactodenoticias.com.ar\/index.php?rest_route=%2Fwp%2Fv2%2Fmedia&parent=13696"}],"wp:term":[{"taxonomy":"category","embeddable":true,"href":"https:\/\/impactodenoticias.com.ar\/index.php?rest_route=%2Fwp%2Fv2%2Fcategories&post=13696"},{"taxonomy":"post_tag","embeddable":true,"href":"https:\/\/impactodenoticias.com.ar\/index.php?rest_route=%2Fwp%2Fv2%2Ftags&post=13696"}],"curies":[{"name":"wp","href":"https:\/\/api.w.org\/{rel}","templated":true}]}}