{"id":13699,"date":"2025-06-06T09:15:32","date_gmt":"2025-06-06T12:15:32","guid":{"rendered":"https:\/\/impactodenoticias.com.ar\/?p=13699"},"modified":"2025-06-06T09:15:32","modified_gmt":"2025-06-06T12:15:32","slug":"incautan-armas-de-fuego-municiones-y-un-chaleco-antibalas-un-allanamiento-en-causa-por-amenazas-en-concepcion-del-uruguay","status":"publish","type":"post","link":"https:\/\/impactodenoticias.com.ar\/?p=13699","title":{"rendered":"Incautan armas de fuego, municiones y un chaleco antibalas un allanamiento en causa por amenazas en Concepci\u00f3n del Uruguay"},"content":{"rendered":"\n<h2 class=\"wp-block-heading\">Un allanamiento llevado a cabo este jueves por la tarde en el Barrio 40 Viviendas de Concepci\u00f3n del Uruguaym termin\u00f3 con el secuestro de varios elementos, entre ellos armas de fuego, municiones y un chaleco antibalas.<\/h2>\n\n\n\n<p>La medida judicial fue pedida en el marco de una causa por amenazas, y el operativo policial fue llevado a cabo por personal de Comisar\u00eda Primera, en cumplimiento de un oficio judicial emanado por el Juzgado de Garant\u00edas. El procedimiento que se llev\u00f3 a cabo era para registrar una finca frecuentada por un hombre de 21 a\u00f1os, en busca de armas de fuego y cartucher\u00eda.<\/p>\n\n\n\n<p>En el allanamiento, los agentes lograron incautar un rev\u00f3lver calibre .22 marca Doberman, de 10 alv\u00e9olos; una escopeta calibre 12\/70 marca Maverick, que conten\u00eda tres cartuchos en su almacenamiento; tres cartuchos adicionales de la misma marca y gramaje y un chaleco antibalas con funda de tela verde mimetizada militar y placas bal\u00edsticas, sin numeraciones visibles.<\/p>\n\n\n\n<p>La Polic\u00eda destac\u00f3 que no se encontr\u00f3 la documentaci\u00f3n correspondiente a las armas de fuego, ni se pudo observar el n\u00famero de serie del chaleco bal\u00edstico. Tras este descubrimiento se iniciaron actuaciones complementarias por la tenencia ilegal de armas de fuego contra el hombre de 21 a\u00f1os, quien no se encontraba en la vivienda al momento del operativo.<\/p>\n","protected":false},"excerpt":{"rendered":"<p>Un allanamiento llevado a cabo este jueves por la tarde en el Barrio 40 Viviendas de Concepci&oacute;n del Uruguaym termin&oacute; con el secuestro de varios elementos, entre ellos armas de fuego, municiones y un chaleco antibalas. La medida judicial fue pedida en el marco de una causa por amenazas, y el operativo policial fue llevado [&hellip;]<\/p>\n","protected":false},"author":2,"featured_media":13700,"comment_status":"open","ping_status":"open","sticky":false,"template":"","format":"standard","meta":{"footnotes":""},"categories":[8,4],"tags":[395,324],"class_list":["post-13699","post","type-post","status-publish","format-standard","has-post-thumbnail","hentry","category-policiales","category-provinciales","tag-allanamiento","tag-concepcion-del-uruguay"],"_links":{"self":[{"href":"https:\/\/impactodenoticias.com.ar\/index.php?rest_route=\/wp\/v2\/posts\/13699","targetHints":{"allow":["GET"]}}],"collection":[{"href":"https:\/\/impactodenoticias.com.ar\/index.php?rest_route=\/wp\/v2\/posts"}],"about":[{"href":"https:\/\/impactodenoticias.com.ar\/index.php?rest_route=\/wp\/v2\/types\/post"}],"author":[{"embeddable":true,"href":"https:\/\/impactodenoticias.com.ar\/index.php?rest_route=\/wp\/v2\/users\/2"}],"replies":[{"embeddable":true,"href":"https:\/\/impactodenoticias.com.ar\/index.php?rest_route=%2Fwp%2Fv2%2Fcomments&post=13699"}],"version-history":[{"count":1,"href":"https:\/\/impactodenoticias.com.ar\/index.php?rest_route=\/wp\/v2\/posts\/13699\/revisions"}],"predecessor-version":[{"id":13701,"href":"https:\/\/impactodenoticias.com.ar\/index.php?rest_route=\/wp\/v2\/posts\/13699\/revisions\/13701"}],"wp:featuredmedia":[{"embeddable":true,"href":"https:\/\/impactodenoticias.com.ar\/index.php?rest_route=\/wp\/v2\/media\/13700"}],"wp:attachment":[{"href":"https:\/\/impactodenoticias.com.ar\/index.php?rest_route=%2Fwp%2Fv2%2Fmedia&parent=13699"}],"wp:term":[{"taxonomy":"category","embeddable":true,"href":"https:\/\/impactodenoticias.com.ar\/index.php?rest_route=%2Fwp%2Fv2%2Fcategories&post=13699"},{"taxonomy":"post_tag","embeddable":true,"href":"https:\/\/impactodenoticias.com.ar\/index.php?rest_route=%2Fwp%2Fv2%2Ftags&post=13699"}],"curies":[{"name":"wp","href":"https:\/\/api.w.org\/{rel}","templated":true}]}}