{"id":13724,"date":"2025-06-07T09:38:22","date_gmt":"2025-06-07T12:38:22","guid":{"rendered":"https:\/\/impactodenoticias.com.ar\/?p=13724"},"modified":"2025-06-08T12:29:40","modified_gmt":"2025-06-08T15:29:40","slug":"la-municipalidad-de-concepcion-del-uruguay-firmo-un-convenio-con-la-uner-para-actividades-de-produccion-audiovisual","status":"publish","type":"post","link":"https:\/\/impactodenoticias.com.ar\/?p=13724","title":{"rendered":"La Municipalidad de Concepci\u00f3n del Uruguay firm\u00f3 un convenio con la UNER para actividades de producci\u00f3n audiovisual"},"content":{"rendered":"\n<h2 class=\"wp-block-heading\">El mismo tendr\u00e1 una vigencia inicial de dos a\u00f1os. Fue rubricado por el intendente Jos\u00e9 Lauritto y el rector Andr\u00e9s Sabella<\/h2>\n\n\n\n<p>La Municipalidad de Concepci\u00f3n del Uruguay y la Universidad Nacional de Entre R\u00edos (UNER), rubricaron un convenio de cooperaci\u00f3n para el desarrollo conjunto de actividades vinculadas a la producci\u00f3n audiovisual. El acuerdo fue llevado a cabo por el intendente Jos\u00e9 Lauritto y el rector de la UNER, Andr\u00e9s Sabella, en la sede municipal.<\/p>\n\n\n\n<p>El convenio tiene como eje principal la colaboraci\u00f3n mutua en instancias de capacitaci\u00f3n, emisi\u00f3n y difusi\u00f3n de contenidos, as\u00ed como en la producci\u00f3n y coproducci\u00f3n de materiales. La vigencia inicial del mismo ser\u00e1 por dos a\u00f1os.<\/p>\n\n\n\n<p>Tambi\u00e9n se contempla el intercambio de experiencias en gesti\u00f3n audiovisual y el uso compartido de formatos originales desarrollados por ambas instituciones. Para implementar las acciones previstas, cada parte designar\u00e1 un coordinador que se encargar\u00e1 de planificar y ejecutar las actividades acordadas.<\/p>\n\n\n\n<p>Las iniciativas espec\u00edficas que surjan a partir de este marco general ser\u00e1n formalizadas mediante convenios particulares, donde se detallar\u00e1n las responsabilidades, tareas y aportes de cada instituci\u00f3n.<\/p>\n","protected":false},"excerpt":{"rendered":"<p>El mismo tendr&aacute; una vigencia inicial de dos a&ntilde;os. Fue rubricado por el intendente Jos&eacute; Lauritto y el rector Andr&eacute;s Sabella La Municipalidad de Concepci&oacute;n del Uruguay y la Universidad Nacional de Entre R&iacute;os (UNER), rubricaron un convenio de cooperaci&oacute;n para el desarrollo conjunto de actividades vinculadas a la producci&oacute;n audiovisual. El acuerdo fue llevado [&hellip;]<\/p>\n","protected":false},"author":2,"featured_media":13725,"comment_status":"open","ping_status":"open","sticky":false,"template":"","format":"standard","meta":{"footnotes":""},"categories":[1902,49],"tags":[607,1901,324,432,102,753],"class_list":["post-13724","post","type-post","status-publish","format-standard","has-post-thumbnail","hentry","category-municipales","category-sociedad","tag-acuerdo","tag-andres-sabella","tag-concepcion-del-uruguay","tag-jose-lauritto","tag-municipalidad","tag-uner"],"_links":{"self":[{"href":"https:\/\/impactodenoticias.com.ar\/index.php?rest_route=\/wp\/v2\/posts\/13724","targetHints":{"allow":["GET"]}}],"collection":[{"href":"https:\/\/impactodenoticias.com.ar\/index.php?rest_route=\/wp\/v2\/posts"}],"about":[{"href":"https:\/\/impactodenoticias.com.ar\/index.php?rest_route=\/wp\/v2\/types\/post"}],"author":[{"embeddable":true,"href":"https:\/\/impactodenoticias.com.ar\/index.php?rest_route=\/wp\/v2\/users\/2"}],"replies":[{"embeddable":true,"href":"https:\/\/impactodenoticias.com.ar\/index.php?rest_route=%2Fwp%2Fv2%2Fcomments&post=13724"}],"version-history":[{"count":1,"href":"https:\/\/impactodenoticias.com.ar\/index.php?rest_route=\/wp\/v2\/posts\/13724\/revisions"}],"predecessor-version":[{"id":13726,"href":"https:\/\/impactodenoticias.com.ar\/index.php?rest_route=\/wp\/v2\/posts\/13724\/revisions\/13726"}],"wp:featuredmedia":[{"embeddable":true,"href":"https:\/\/impactodenoticias.com.ar\/index.php?rest_route=\/wp\/v2\/media\/13725"}],"wp:attachment":[{"href":"https:\/\/impactodenoticias.com.ar\/index.php?rest_route=%2Fwp%2Fv2%2Fmedia&parent=13724"}],"wp:term":[{"taxonomy":"category","embeddable":true,"href":"https:\/\/impactodenoticias.com.ar\/index.php?rest_route=%2Fwp%2Fv2%2Fcategories&post=13724"},{"taxonomy":"post_tag","embeddable":true,"href":"https:\/\/impactodenoticias.com.ar\/index.php?rest_route=%2Fwp%2Fv2%2Ftags&post=13724"}],"curies":[{"name":"wp","href":"https:\/\/api.w.org\/{rel}","templated":true}]}}