{"id":13727,"date":"2025-06-07T09:52:04","date_gmt":"2025-06-07T12:52:04","guid":{"rendered":"https:\/\/impactodenoticias.com.ar\/?p=13727"},"modified":"2025-06-07T09:52:04","modified_gmt":"2025-06-07T12:52:04","slug":"urdinarrain-estaba-tratando-de-reparar-su-camion-y-perdio-la-vida-tras-ser-aplastado-por-el-pesado-transporte","status":"publish","type":"post","link":"https:\/\/impactodenoticias.com.ar\/?p=13727","title":{"rendered":"Urdinarrain: estaba tratando de reparar su cami\u00f3n y perdi\u00f3 la vida tras ser aplastado por el pesado transporte"},"content":{"rendered":"\n<h2 class=\"wp-block-heading\">Un camionero de 48 a\u00f1os perdi\u00f3 la vida en la tarde en horas de la tarde de este viernes en el acceso a la ciudad de Urdinarrain. Se estima que el chofer estaba tratando de reparar un desperfecto mec\u00e1nico en la rueda delantera derecha y fue aplastado por el transporte.<\/h2>\n\n\n\n<p>Seg\u00fan se inform\u00f3 a <strong>IMPACTO DE NOTICIAS<\/strong>, la v\u00edctima fatal es Walter Rub\u00e9n Huck de 48 a\u00f1os y muy conocido en la ciudad del Departamento Gualeguaych\u00fa. El lamentable hecho sucedi\u00f3 en calle Dr. Zeroli al 680, acceso a la ciudad por ruta 20.<\/p>\n\n\n\n<p><\/p>\n\n\n\n<figure class=\"wp-block-image size-full\"><img loading=\"lazy\" decoding=\"async\" width=\"696\" height=\"365\" src=\"https:\/\/impactodenoticias.com.ar\/wp-content\/uploads\/2025\/06\/Urdinarrain-Camionero-apalstado.webp\" alt=\"\" class=\"wp-image-13728\" srcset=\"https:\/\/impactodenoticias.com.ar\/wp-content\/uploads\/2025\/06\/Urdinarrain-Camionero-apalstado.webp 696w, https:\/\/impactodenoticias.com.ar\/wp-content\/uploads\/2025\/06\/Urdinarrain-Camionero-apalstado-300x157.webp 300w\" sizes=\"auto, (max-width: 696px) 100vw, 696px\" \/><figcaption class=\"wp-element-caption\"><em><strong>Foto gentileza: cristalurdi.com.ar<\/strong><\/em><\/figcaption><\/figure>\n\n\n\n<p><\/p>\n\n\n\n<p>Medios locales informaron que el incidente habr\u00eda ocurrido cerca de las 16.30, pero reci\u00e9n fue descubierto pasadas algunas horas. El cami\u00f3n se encontraba saliendo de la ciudad con destino a un campo de la zona.<\/p>\n\n\n\n<p>Por razones que so materia de investigaci\u00f3n, el chofer se detuvo, descendi\u00f3 de la unidad y se puso a revisar la rueda delantera derecha del cami\u00f3n. Al parecer, en ese momento salt\u00f3 el cambio o no funcion\u00f3 el freno de mano y el cami\u00f3n lo aplast\u00f3. Las lesiones fueron en la cabeza y lamentantablemente terminaron con su vida.<\/p>\n","protected":false},"excerpt":{"rendered":"<p>Un camionero de 48 a&ntilde;os perdi&oacute; la vida en la tarde en horas de la tarde de este viernes en el acceso a la ciudad de Urdinarrain. Se estima que el chofer estaba tratando de reparar un desperfecto mec&aacute;nico en la rueda delantera derecha y fue aplastado por el transporte. Seg&uacute;n se inform&oacute; a IMPACTO [&hellip;]<\/p>\n","protected":false},"author":2,"featured_media":13729,"comment_status":"open","ping_status":"open","sticky":false,"template":"","format":"standard","meta":{"footnotes":""},"categories":[8,4],"tags":[3089,1913,1221],"class_list":["post-13727","post","type-post","status-publish","format-standard","has-post-thumbnail","hentry","category-policiales","category-provinciales","tag-aplastado","tag-camionero","tag-urdinarrain"],"_links":{"self":[{"href":"https:\/\/impactodenoticias.com.ar\/index.php?rest_route=\/wp\/v2\/posts\/13727","targetHints":{"allow":["GET"]}}],"collection":[{"href":"https:\/\/impactodenoticias.com.ar\/index.php?rest_route=\/wp\/v2\/posts"}],"about":[{"href":"https:\/\/impactodenoticias.com.ar\/index.php?rest_route=\/wp\/v2\/types\/post"}],"author":[{"embeddable":true,"href":"https:\/\/impactodenoticias.com.ar\/index.php?rest_route=\/wp\/v2\/users\/2"}],"replies":[{"embeddable":true,"href":"https:\/\/impactodenoticias.com.ar\/index.php?rest_route=%2Fwp%2Fv2%2Fcomments&post=13727"}],"version-history":[{"count":1,"href":"https:\/\/impactodenoticias.com.ar\/index.php?rest_route=\/wp\/v2\/posts\/13727\/revisions"}],"predecessor-version":[{"id":13730,"href":"https:\/\/impactodenoticias.com.ar\/index.php?rest_route=\/wp\/v2\/posts\/13727\/revisions\/13730"}],"wp:featuredmedia":[{"embeddable":true,"href":"https:\/\/impactodenoticias.com.ar\/index.php?rest_route=\/wp\/v2\/media\/13729"}],"wp:attachment":[{"href":"https:\/\/impactodenoticias.com.ar\/index.php?rest_route=%2Fwp%2Fv2%2Fmedia&parent=13727"}],"wp:term":[{"taxonomy":"category","embeddable":true,"href":"https:\/\/impactodenoticias.com.ar\/index.php?rest_route=%2Fwp%2Fv2%2Fcategories&post=13727"},{"taxonomy":"post_tag","embeddable":true,"href":"https:\/\/impactodenoticias.com.ar\/index.php?rest_route=%2Fwp%2Fv2%2Ftags&post=13727"}],"curies":[{"name":"wp","href":"https:\/\/api.w.org\/{rel}","templated":true}]}}