{"id":13746,"date":"2025-06-08T12:12:06","date_gmt":"2025-06-08T15:12:06","guid":{"rendered":"https:\/\/impactodenoticias.com.ar\/?p=13746"},"modified":"2025-06-08T12:12:06","modified_gmt":"2025-06-08T15:12:06","slug":"ruta-14-el-conductor-de-un-automovil-despisto-y-tuvo-que-ser-hospitalizado","status":"publish","type":"post","link":"https:\/\/impactodenoticias.com.ar\/?p=13746","title":{"rendered":"Ruta 14: el conductor de un autom\u00f3vil despist\u00f3 y tuvo que ser hospitalizado"},"content":{"rendered":"\n<h2 class=\"wp-block-heading\">El accidente vial ocurri\u00f3 en horas de la tarde de este s\u00e1bado. El conductor del veh\u00edculo solo present\u00f3 lesiones leves, no obstante fue trasladado el hospital para una evaluaci\u00f3n m\u00e9dica.<\/h2>\n\n\n\n<p>En la tarde de este s\u00e1bado, alrededor de las 14:00, personal policial de Colonia Yeru\u00e1 fueron informados de que en la RN14 a la altura del km251 (Estancia Grande), un autom\u00f3vil Volkswagen Suran hab\u00eda despistado quedando sobre el cantero central.<\/p>\n\n\n\n<p><\/p>\n\n\n\n<figure class=\"wp-block-image size-full\"><img loading=\"lazy\" decoding=\"async\" width=\"696\" height=\"928\" src=\"https:\/\/impactodenoticias.com.ar\/wp-content\/uploads\/2025\/06\/Ruta-14-despiste.webp\" alt=\"\" class=\"wp-image-13748\" srcset=\"https:\/\/impactodenoticias.com.ar\/wp-content\/uploads\/2025\/06\/Ruta-14-despiste.webp 696w, https:\/\/impactodenoticias.com.ar\/wp-content\/uploads\/2025\/06\/Ruta-14-despiste-225x300.webp 225w\" sizes=\"auto, (max-width: 696px) 100vw, 696px\" \/><\/figure>\n\n\n\n<p><\/p>\n\n\n\n<figure class=\"wp-block-image size-full\"><img loading=\"lazy\" decoding=\"async\" width=\"696\" height=\"928\" src=\"https:\/\/impactodenoticias.com.ar\/wp-content\/uploads\/2025\/06\/Ruta-14-despiste-1.webp\" alt=\"\" class=\"wp-image-13749\" srcset=\"https:\/\/impactodenoticias.com.ar\/wp-content\/uploads\/2025\/06\/Ruta-14-despiste-1.webp 696w, https:\/\/impactodenoticias.com.ar\/wp-content\/uploads\/2025\/06\/Ruta-14-despiste-1-225x300.webp 225w\" sizes=\"auto, (max-width: 696px) 100vw, 696px\" \/><\/figure>\n\n\n\n<p><\/p>\n\n\n\n<p>El veh\u00edculo, conducido por un hombre, circulaba en sentido norte-sur desde Chajar\u00ed con destino a Concepci\u00f3n del Uruguay. Seg\u00fan explic\u00f3 el mismo conductor a los funcionarios policiales, se habr\u00eda dormido al volante y esa habr\u00eda sido la causa del despiste.<\/p>\n\n\n\n<p>Afortunadamente el hombre no sufri\u00f3 heridas de gravedad, aunque se\u00f1al\u00f3 que ten\u00eda dolores en la cabeza y otras partes del cuerpo, por lo que fue asistido en el lugar por una ambulancia de Estancia Grande y minutos despu\u00e9s trasladado al Hospital Delicia Concepci\u00f3n Masvernat para su evaluaci\u00f3n m\u00e9dica.<\/p>\n","protected":false},"excerpt":{"rendered":"<p>El accidente vial ocurri&oacute; en horas de la tarde de este s&aacute;bado. El conductor del veh&iacute;culo solo present&oacute; lesiones leves, no obstante fue trasladado el hospital para una evaluaci&oacute;n m&eacute;dica. En la tarde de este s&aacute;bado, alrededor de las 14:00, personal policial de Colonia Yeru&aacute; fueron informados de que en la RN14 a la altura [&hellip;]<\/p>\n","protected":false},"author":2,"featured_media":13747,"comment_status":"open","ping_status":"open","sticky":false,"template":"","format":"standard","meta":{"footnotes":""},"categories":[8,4],"tags":[72,569,828],"class_list":["post-13746","post","type-post","status-publish","format-standard","has-post-thumbnail","hentry","category-policiales","category-provinciales","tag-concordia","tag-despiste","tag-ruta-14"],"_links":{"self":[{"href":"https:\/\/impactodenoticias.com.ar\/index.php?rest_route=\/wp\/v2\/posts\/13746","targetHints":{"allow":["GET"]}}],"collection":[{"href":"https:\/\/impactodenoticias.com.ar\/index.php?rest_route=\/wp\/v2\/posts"}],"about":[{"href":"https:\/\/impactodenoticias.com.ar\/index.php?rest_route=\/wp\/v2\/types\/post"}],"author":[{"embeddable":true,"href":"https:\/\/impactodenoticias.com.ar\/index.php?rest_route=\/wp\/v2\/users\/2"}],"replies":[{"embeddable":true,"href":"https:\/\/impactodenoticias.com.ar\/index.php?rest_route=%2Fwp%2Fv2%2Fcomments&post=13746"}],"version-history":[{"count":1,"href":"https:\/\/impactodenoticias.com.ar\/index.php?rest_route=\/wp\/v2\/posts\/13746\/revisions"}],"predecessor-version":[{"id":13750,"href":"https:\/\/impactodenoticias.com.ar\/index.php?rest_route=\/wp\/v2\/posts\/13746\/revisions\/13750"}],"wp:featuredmedia":[{"embeddable":true,"href":"https:\/\/impactodenoticias.com.ar\/index.php?rest_route=\/wp\/v2\/media\/13747"}],"wp:attachment":[{"href":"https:\/\/impactodenoticias.com.ar\/index.php?rest_route=%2Fwp%2Fv2%2Fmedia&parent=13746"}],"wp:term":[{"taxonomy":"category","embeddable":true,"href":"https:\/\/impactodenoticias.com.ar\/index.php?rest_route=%2Fwp%2Fv2%2Fcategories&post=13746"},{"taxonomy":"post_tag","embeddable":true,"href":"https:\/\/impactodenoticias.com.ar\/index.php?rest_route=%2Fwp%2Fv2%2Ftags&post=13746"}],"curies":[{"name":"wp","href":"https:\/\/api.w.org\/{rel}","templated":true}]}}