{"id":13751,"date":"2025-06-08T12:18:34","date_gmt":"2025-06-08T15:18:34","guid":{"rendered":"https:\/\/impactodenoticias.com.ar\/?p=13751"},"modified":"2025-06-08T12:18:35","modified_gmt":"2025-06-08T15:18:35","slug":"concordia-se-registro-un-impactante-accidente-de-transito-y-dos-personas-terminaron-con-heridas","status":"publish","type":"post","link":"https:\/\/impactodenoticias.com.ar\/?p=13751","title":{"rendered":"Concordia: se registr\u00f3 un impactante accidente de tr\u00e1nsito y dos personas terminaron con heridas"},"content":{"rendered":"\n<h2 class=\"wp-block-heading\">El s\u00e1bado alrededor de las 07:30, se registr\u00f3 un accidente vial, con personas heridas en cercan\u00edas de calle Vuelta de Obligado y avenida Monse\u00f1or Rosch, en la zona sur de la ciudad de Concordia.<\/h2>\n\n\n\n<p>En el lugar chocaron violentamente un autom\u00f3vil Volkswagen y un Peugeot 208. Debido a la violencia del impacto, el conductor y su acompa\u00f1ante, ocupantes del Volkswagen, resultaron lesionados y fueron trasladados al Hospital Delicia Concepci\u00f3n Masvernat por personal de emergencias.<\/p>\n\n\n\n<p>Desde el hospital indicaron que el conductor sufri\u00f3 un traumatismo enc\u00e9falo craneano (TEC) con politraumatismos y escoriaciones simples, mientras que el acompa\u00f1ante present\u00f3 politraumatismos y una herida cortante en la pierna izquierda.<\/p>\n\n\n\n<p>En el lugar del accidente vial, intervino personal de la Comisar\u00eda Quinta, quienes llevaron a cabo las actuaciones de rigor para determinar las causas del choque.<\/p>\n","protected":false},"excerpt":{"rendered":"<p>El s&aacute;bado alrededor de las 07:30, se registr&oacute; un accidente vial, con personas heridas en cercan&iacute;as de calle Vuelta de Obligado y avenida Monse&ntilde;or Rosch, en la zona sur de la ciudad de Concordia. En el lugar chocaron violentamente un autom&oacute;vil Volkswagen y un Peugeot 208. Debido a la violencia del impacto, el conductor y [&hellip;]<\/p>\n","protected":false},"author":2,"featured_media":13752,"comment_status":"open","ping_status":"open","sticky":false,"template":"","format":"standard","meta":{"footnotes":""},"categories":[8,4],"tags":[120,72,394,1439],"class_list":["post-13751","post","type-post","status-publish","format-standard","has-post-thumbnail","hentry","category-policiales","category-provinciales","tag-accidente","tag-concordia","tag-heridos","tag-transito"],"_links":{"self":[{"href":"https:\/\/impactodenoticias.com.ar\/index.php?rest_route=\/wp\/v2\/posts\/13751","targetHints":{"allow":["GET"]}}],"collection":[{"href":"https:\/\/impactodenoticias.com.ar\/index.php?rest_route=\/wp\/v2\/posts"}],"about":[{"href":"https:\/\/impactodenoticias.com.ar\/index.php?rest_route=\/wp\/v2\/types\/post"}],"author":[{"embeddable":true,"href":"https:\/\/impactodenoticias.com.ar\/index.php?rest_route=\/wp\/v2\/users\/2"}],"replies":[{"embeddable":true,"href":"https:\/\/impactodenoticias.com.ar\/index.php?rest_route=%2Fwp%2Fv2%2Fcomments&post=13751"}],"version-history":[{"count":1,"href":"https:\/\/impactodenoticias.com.ar\/index.php?rest_route=\/wp\/v2\/posts\/13751\/revisions"}],"predecessor-version":[{"id":13753,"href":"https:\/\/impactodenoticias.com.ar\/index.php?rest_route=\/wp\/v2\/posts\/13751\/revisions\/13753"}],"wp:featuredmedia":[{"embeddable":true,"href":"https:\/\/impactodenoticias.com.ar\/index.php?rest_route=\/wp\/v2\/media\/13752"}],"wp:attachment":[{"href":"https:\/\/impactodenoticias.com.ar\/index.php?rest_route=%2Fwp%2Fv2%2Fmedia&parent=13751"}],"wp:term":[{"taxonomy":"category","embeddable":true,"href":"https:\/\/impactodenoticias.com.ar\/index.php?rest_route=%2Fwp%2Fv2%2Fcategories&post=13751"},{"taxonomy":"post_tag","embeddable":true,"href":"https:\/\/impactodenoticias.com.ar\/index.php?rest_route=%2Fwp%2Fv2%2Ftags&post=13751"}],"curies":[{"name":"wp","href":"https:\/\/api.w.org\/{rel}","templated":true}]}}