{"id":13759,"date":"2025-06-08T12:29:07","date_gmt":"2025-06-08T15:29:07","guid":{"rendered":"https:\/\/impactodenoticias.com.ar\/?p=13759"},"modified":"2025-06-09T10:08:36","modified_gmt":"2025-06-09T13:08:36","slug":"agmer-repudio-la-entrega-de-iosper-en-la-legistarura","status":"publish","type":"post","link":"https:\/\/impactodenoticias.com.ar\/?p=13759","title":{"rendered":"Agmer repudi\u00f3 la entrega de Iosper en la Legistarura"},"content":{"rendered":"\n<h2 class=\"wp-block-heading\">No cesaremos en la lucha por nuestra obra social y la salud de las y los trabajadores, destacaron desde el gremio docente mayoritario.<\/h2>\n\n\n\n<p>En la noche de este viernes se consum\u00f3 la disoluci\u00f3n del IOSPER en la Legislatura de Entre R\u00edos, para entregar los aportes de todos los trabajadores de la Provincia a la voracidad de ajuste y Caja del gobernador Frigerio.<\/p>\n\n\n\n<p><\/p>\n\n\n\n<figure class=\"wp-block-image size-large\"><img loading=\"lazy\" decoding=\"async\" width=\"1024\" height=\"768\" src=\"https:\/\/impactodenoticias.com.ar\/wp-content\/uploads\/2025\/06\/Agmer-Iosper-1-1024x768.jpeg\" alt=\"\" class=\"wp-image-13761\" srcset=\"https:\/\/impactodenoticias.com.ar\/wp-content\/uploads\/2025\/06\/Agmer-Iosper-1-1024x768.jpeg 1024w, https:\/\/impactodenoticias.com.ar\/wp-content\/uploads\/2025\/06\/Agmer-Iosper-1-300x225.jpeg 300w, https:\/\/impactodenoticias.com.ar\/wp-content\/uploads\/2025\/06\/Agmer-Iosper-1-768x576.jpeg 768w, https:\/\/impactodenoticias.com.ar\/wp-content\/uploads\/2025\/06\/Agmer-Iosper-1.jpeg 1500w\" sizes=\"auto, (max-width: 1024px) 100vw, 1024px\" \/><\/figure>\n\n\n\n<p><\/p>\n\n\n\n<p>Desde las primeras horas de la ma\u00f1ana, nuestro sindicato se convoc\u00f3 frente a Casa de Gobierno y alrededores para hacer sentir a los Diputados y Diputadas el rechazo de AGMER en conjunto con trabajadores del Estado y del IOSPER, a una ley que abre las puertas a la tercerizaci\u00f3n, no precisa sobre aportes de cada trabajador y dise\u00f1a un Directorio de mayor\u00eda autom\u00e1tica del Ejecutivo Provincial.<\/p>\n\n\n\n<p>La memoria es el coraz\u00f3n de la historia. En ese ADN fundamental de nuestro pueblo quedar\u00e1 escrito, sin lugar para el olvido, los nombres de los diputados y senadores que entregaron los derechos de los trabajadores y le pusieron precio vil a la salud a trav\u00e9s del ajuste y esta privatizaci\u00f3n encubierta.<\/p>\n\n\n\n<p>Y en clave del presente estar\u00e1 qui\u00e9nes nos opusimos a esta ley de mercantilizaci\u00f3n de derechos sociales, con asambleas, huelga, carpa y movilizaciones.<\/p>\n\n\n\n<p>Nuestro sindicato seguir\u00e1 de pie en la lucha contra el ajuste, el saqueo y en la defensa permanente de los derechos de las y los trabajadores de la educaci\u00f3n, sin soltarle la mano a nadie y con la certeza de ser fraternos, firmes y solidarios en los tiempos dif\u00edciles.<\/p>\n\n\n\n<p>Y m\u00e1s temprano que tarde volveremos a tener una obra social transparente y con sentido colectivo, respondiendo a cada necesidad, conducida por sus \u00fanicos y exclusivos due\u00f1os: las y los trabajadores de todos los estamentos del Estado. Y lo haremos en unidad y en la lucha.<\/p>\n","protected":false},"excerpt":{"rendered":"<p>No cesaremos en la lucha por nuestra obra social y la salud de las y los trabajadores, destacaron desde el gremio docente mayoritario. En la noche de este viernes se consum&oacute; la disoluci&oacute;n del IOSPER en la Legislatura de Entre R&iacute;os, para entregar los aportes de todos los trabajadores de la Provincia a la voracidad [&hellip;]<\/p>\n","protected":false},"author":2,"featured_media":13762,"comment_status":"open","ping_status":"open","sticky":false,"template":"","format":"standard","meta":{"footnotes":""},"categories":[91,11,4],"tags":[52,563,33,1245,433,329,451],"class_list":["post-13759","post","type-post","status-publish","format-standard","has-post-thumbnail","hentry","category-gremiales","category-politica","category-provinciales","tag-agmer","tag-casa","tag-entre-rios","tag-entrega","tag-gobierno","tag-iosper","tag-repudio"],"_links":{"self":[{"href":"https:\/\/impactodenoticias.com.ar\/index.php?rest_route=\/wp\/v2\/posts\/13759","targetHints":{"allow":["GET"]}}],"collection":[{"href":"https:\/\/impactodenoticias.com.ar\/index.php?rest_route=\/wp\/v2\/posts"}],"about":[{"href":"https:\/\/impactodenoticias.com.ar\/index.php?rest_route=\/wp\/v2\/types\/post"}],"author":[{"embeddable":true,"href":"https:\/\/impactodenoticias.com.ar\/index.php?rest_route=\/wp\/v2\/users\/2"}],"replies":[{"embeddable":true,"href":"https:\/\/impactodenoticias.com.ar\/index.php?rest_route=%2Fwp%2Fv2%2Fcomments&post=13759"}],"version-history":[{"count":1,"href":"https:\/\/impactodenoticias.com.ar\/index.php?rest_route=\/wp\/v2\/posts\/13759\/revisions"}],"predecessor-version":[{"id":13763,"href":"https:\/\/impactodenoticias.com.ar\/index.php?rest_route=\/wp\/v2\/posts\/13759\/revisions\/13763"}],"wp:featuredmedia":[{"embeddable":true,"href":"https:\/\/impactodenoticias.com.ar\/index.php?rest_route=\/wp\/v2\/media\/13762"}],"wp:attachment":[{"href":"https:\/\/impactodenoticias.com.ar\/index.php?rest_route=%2Fwp%2Fv2%2Fmedia&parent=13759"}],"wp:term":[{"taxonomy":"category","embeddable":true,"href":"https:\/\/impactodenoticias.com.ar\/index.php?rest_route=%2Fwp%2Fv2%2Fcategories&post=13759"},{"taxonomy":"post_tag","embeddable":true,"href":"https:\/\/impactodenoticias.com.ar\/index.php?rest_route=%2Fwp%2Fv2%2Ftags&post=13759"}],"curies":[{"name":"wp","href":"https:\/\/api.w.org\/{rel}","templated":true}]}}