{"id":13825,"date":"2025-06-11T09:55:52","date_gmt":"2025-06-11T12:55:52","guid":{"rendered":"https:\/\/impactodenoticias.com.ar\/?p=13825"},"modified":"2025-06-11T09:55:53","modified_gmt":"2025-06-11T12:55:53","slug":"una-mujer-se-olvido-el-anafe-encendido-y-se-prendio-fuego-su-casa","status":"publish","type":"post","link":"https:\/\/impactodenoticias.com.ar\/?p=13825","title":{"rendered":"Una mujer se olvid\u00f3 el anafe encendido y se prendi\u00f3 fuego su casa"},"content":{"rendered":"\n<h2 class=\"wp-block-heading\">Se produjo el incendio en una casa en la ciudad de Concordia. El siniestro se produjo este martes a la noche, aproximadamente a las 22.50, el personal policial y los bomberos se hicieron presentes r\u00e1pidamente para brindar ayuda.<\/h2>\n\n\n\n<p>El fuego se desat\u00f3 en una vivienda ubicada en inmediaciones de calles Concejal Veiga y Pedro Duarte. La propietaria de la casa explic\u00f3 que se olvid\u00f3 un anafe encendido en el interior.<\/p>\n\n\n\n<p>En el lugar trabajaron Bomberos Zapadores y voluntarios, se hizo presente adem\u00e1s la ambulancia del 107 para control de la v\u00edctima.<br>Afortunadamente no hubo lesionados, s\u00f3lo sew registraron p\u00e9rdidas materiales.<\/p>\n","protected":false},"excerpt":{"rendered":"<p>Se produjo el incendio en una casa en la ciudad de Concordia. El siniestro se produjo este martes a la noche, aproximadamente a las 22.50, el personal policial y los bomberos se hicieron presentes r&aacute;pidamente para brindar ayuda. El fuego se desat&oacute; en una vivienda ubicada en inmediaciones de calles Concejal Veiga y Pedro Duarte. [&hellip;]<\/p>\n","protected":false},"author":2,"featured_media":13826,"comment_status":"open","ping_status":"open","sticky":false,"template":"","format":"standard","meta":{"footnotes":""},"categories":[8,4],"tags":[5357,72,227,366],"class_list":["post-13825","post","type-post","status-publish","format-standard","has-post-thumbnail","hentry","category-policiales","category-provinciales","tag-anafe","tag-concordia","tag-incendio","tag-vivienda"],"_links":{"self":[{"href":"https:\/\/impactodenoticias.com.ar\/index.php?rest_route=\/wp\/v2\/posts\/13825","targetHints":{"allow":["GET"]}}],"collection":[{"href":"https:\/\/impactodenoticias.com.ar\/index.php?rest_route=\/wp\/v2\/posts"}],"about":[{"href":"https:\/\/impactodenoticias.com.ar\/index.php?rest_route=\/wp\/v2\/types\/post"}],"author":[{"embeddable":true,"href":"https:\/\/impactodenoticias.com.ar\/index.php?rest_route=\/wp\/v2\/users\/2"}],"replies":[{"embeddable":true,"href":"https:\/\/impactodenoticias.com.ar\/index.php?rest_route=%2Fwp%2Fv2%2Fcomments&post=13825"}],"version-history":[{"count":1,"href":"https:\/\/impactodenoticias.com.ar\/index.php?rest_route=\/wp\/v2\/posts\/13825\/revisions"}],"predecessor-version":[{"id":13827,"href":"https:\/\/impactodenoticias.com.ar\/index.php?rest_route=\/wp\/v2\/posts\/13825\/revisions\/13827"}],"wp:featuredmedia":[{"embeddable":true,"href":"https:\/\/impactodenoticias.com.ar\/index.php?rest_route=\/wp\/v2\/media\/13826"}],"wp:attachment":[{"href":"https:\/\/impactodenoticias.com.ar\/index.php?rest_route=%2Fwp%2Fv2%2Fmedia&parent=13825"}],"wp:term":[{"taxonomy":"category","embeddable":true,"href":"https:\/\/impactodenoticias.com.ar\/index.php?rest_route=%2Fwp%2Fv2%2Fcategories&post=13825"},{"taxonomy":"post_tag","embeddable":true,"href":"https:\/\/impactodenoticias.com.ar\/index.php?rest_route=%2Fwp%2Fv2%2Ftags&post=13825"}],"curies":[{"name":"wp","href":"https:\/\/api.w.org\/{rel}","templated":true}]}}