{"id":13828,"date":"2025-06-11T10:01:13","date_gmt":"2025-06-11T13:01:13","guid":{"rendered":"https:\/\/impactodenoticias.com.ar\/?p=13828"},"modified":"2025-06-11T10:01:13","modified_gmt":"2025-06-11T13:01:13","slug":"ruta-18-se-registro-un-grave-accidente-vial-y-dos-personas-tuvieron-que-ser-hospitalizados","status":"publish","type":"post","link":"https:\/\/impactodenoticias.com.ar\/?p=13828","title":{"rendered":"Ruta 18: se registr\u00f3 un grave accidente vial y dos personas tuvieron que ser hospitalizados"},"content":{"rendered":"\n<h2 class=\"wp-block-heading\">Se produjo un violento siniestro vial en Ruta 18 en horas de la tarde noche del martes en la zona de Villaguay. Ocurri\u00f3 a la altura del kil\u00f3metro 136.5 y dej\u00f3 como saldo dos personas hospitalizadas, una de las cuales se encuentra en grave estado.<\/h2>\n\n\n\n<p>Por motivos que se tratan de establecer chocaron una camioneta Chevrolet tipo pick up conducida por un hombre mayor de edad, y un autom\u00f3vil Volkswagen Gol Trend conducido por un hombre, quien iba acompa\u00f1ado por dos ocupantes m\u00e1s, todos mayores de edad.<\/p>\n\n\n\n<p><\/p>\n\n\n\n<figure class=\"wp-block-image size-full\"><img loading=\"lazy\" decoding=\"async\" width=\"696\" height=\"471\" src=\"https:\/\/impactodenoticias.com.ar\/wp-content\/uploads\/2025\/06\/Ruta-18-Villaguay.webp\" alt=\"\" class=\"wp-image-13829\" srcset=\"https:\/\/impactodenoticias.com.ar\/wp-content\/uploads\/2025\/06\/Ruta-18-Villaguay.webp 696w, https:\/\/impactodenoticias.com.ar\/wp-content\/uploads\/2025\/06\/Ruta-18-Villaguay-300x203.webp 300w\" sizes=\"auto, (max-width: 696px) 100vw, 696px\" \/><\/figure>\n\n\n\n<p><\/p>\n\n\n\n<p>Debido a la violencia del impacto el conductor y una mujer que se transportaban en el auto debieron ser trasladados en ambulancia hacia el Hospital Santa Rosa para su atenci\u00f3n m\u00e9dica, poco despu\u00e9s el m\u00e9dico de guardia del nosocomio y el m\u00e9dico policial en turno que la ciudadana presenta lesiones de car\u00e1cter graves.<\/p>\n\n\n\n<p>Trabaj\u00f3 en el lugar personal de Direcci\u00f3n Prevenci\u00f3n y Seguridad Vial, puesto Villaguay, Comisar\u00eda General Urquiza y Divisi\u00f3n Polic\u00eda Cient\u00edfica.<\/p>\n","protected":false},"excerpt":{"rendered":"<p>Se produjo un violento siniestro vial en Ruta 18 en horas de la tarde noche del martes en la zona de Villaguay. Ocurri&oacute; a la altura del kil&oacute;metro 136.5 y dej&oacute; como saldo dos personas hospitalizadas, una de las cuales se encuentra en grave estado. Por motivos que se tratan de establecer chocaron una camioneta [&hellip;]<\/p>\n","protected":false},"author":2,"featured_media":13830,"comment_status":"open","ping_status":"open","sticky":false,"template":"","format":"standard","meta":{"footnotes":""},"categories":[8,4],"tags":[120,2376,1854],"class_list":["post-13828","post","type-post","status-publish","format-standard","has-post-thumbnail","hentry","category-policiales","category-provinciales","tag-accidente","tag-hospitalizados","tag-ruta-18"],"_links":{"self":[{"href":"https:\/\/impactodenoticias.com.ar\/index.php?rest_route=\/wp\/v2\/posts\/13828","targetHints":{"allow":["GET"]}}],"collection":[{"href":"https:\/\/impactodenoticias.com.ar\/index.php?rest_route=\/wp\/v2\/posts"}],"about":[{"href":"https:\/\/impactodenoticias.com.ar\/index.php?rest_route=\/wp\/v2\/types\/post"}],"author":[{"embeddable":true,"href":"https:\/\/impactodenoticias.com.ar\/index.php?rest_route=\/wp\/v2\/users\/2"}],"replies":[{"embeddable":true,"href":"https:\/\/impactodenoticias.com.ar\/index.php?rest_route=%2Fwp%2Fv2%2Fcomments&post=13828"}],"version-history":[{"count":1,"href":"https:\/\/impactodenoticias.com.ar\/index.php?rest_route=\/wp\/v2\/posts\/13828\/revisions"}],"predecessor-version":[{"id":13831,"href":"https:\/\/impactodenoticias.com.ar\/index.php?rest_route=\/wp\/v2\/posts\/13828\/revisions\/13831"}],"wp:featuredmedia":[{"embeddable":true,"href":"https:\/\/impactodenoticias.com.ar\/index.php?rest_route=\/wp\/v2\/media\/13830"}],"wp:attachment":[{"href":"https:\/\/impactodenoticias.com.ar\/index.php?rest_route=%2Fwp%2Fv2%2Fmedia&parent=13828"}],"wp:term":[{"taxonomy":"category","embeddable":true,"href":"https:\/\/impactodenoticias.com.ar\/index.php?rest_route=%2Fwp%2Fv2%2Fcategories&post=13828"},{"taxonomy":"post_tag","embeddable":true,"href":"https:\/\/impactodenoticias.com.ar\/index.php?rest_route=%2Fwp%2Fv2%2Ftags&post=13828"}],"curies":[{"name":"wp","href":"https:\/\/api.w.org\/{rel}","templated":true}]}}